{"id":150398,"date":"2023-07-17T23:13:59","date_gmt":"2023-07-18T02:13:59","guid":{"rendered":"https:\/\/portalv1.com.br\/?p=150398"},"modified":"2023-07-17T23:13:59","modified_gmt":"2023-07-18T02:13:59","slug":"associacao-dos-agentes-comunitarios-de-saude-de-valenca-tem-nova-presidenta","status":"publish","type":"post","link":"https:\/\/portalv1.com.br\/associacao-dos-agentes-comunitarios-de-saude-de-valenca-tem-nova-presidenta\/","title":{"rendered":"Associa\u00e7\u00e3o dos Agentes Comunit\u00e1rios de Sa\u00fade de Valen\u00e7a tem nova presidenta"},"content":{"rendered":"<p>A Associa\u00e7\u00e3o dos Agentes Comunit\u00e1rios de Sa\u00fade de Valen\u00e7a do Piau\u00ed tem nova presidente. Maria do Socorro Sousa Lima foi eleita presidenta da associa\u00e7\u00e3o em elei\u00e7\u00e3o realizada na manh\u00e3 desta segunda-feira, 17 de julho, na sede da associa\u00e7\u00e3o, no bairro Valencinha. Dos 45 s\u00f3cios, 36 votaram e a chapa \u00fanica para presidente obteve 34 votos a favor e teve dois votos em branco.<\/p>\n<p>A atual presidente, Ant\u00f4nia Macedo, foi eleita vice-presidente, cargo anteriormente exercido pela presidente eleita Maria do Socorro. Em conversa com o Portal V1, Ant\u00f4nia Macedo avaliou os dois anos a frente da associa\u00e7\u00e3o.&nbsp;<\/p>\n<p>\u201cAgradecer primeiramente a Deus pela oportunidade a mim concedida a frente dessa grandiosa categoria. Representar essa entidade foi de grande import\u00e2ncia e desafios. Ser lideran\u00e7a \u00e9 um passo que requer muita responsabilidade e compromisso colocando a frente os objetivos coletivos. Acredito que sa\u00ed com a certeza da miss\u00e3o cumprida\u201d, disse Ant\u00f4nia Macedo, que destacou as conquistas da gest\u00e3o.&nbsp;<\/p>\n<p>\u201cDurante esse bi\u00eanio conseguimos realizar alguns projetos que estavam engavetados h\u00e1 um bom tempo como: Incentivo Adicional, Piso Salarial de dois sal\u00e1rios m\u00ednimos, O parcelamento do d\u00e9cimo terceiro sal\u00e1rio de 2020 (gest\u00e3o de Cei\u00e7a Dias), Reforma da Sede em alguns itens, entre outros. Mas quero ressaltar que o maior deles foi o Fortalecimento da classe atrav\u00e9s do di\u00e1logo e do respeito tanto para conosco quanto com a gest\u00e3o municipal\u201d, avaliou a presidente, que agradeceu o apoio recebido em sua gest\u00e3o.&nbsp;<\/p>\n<p>\u201cAgradecer a cada ACS\/ACE, que depositou confian\u00e7a em mim e na minha equipe. Sem o apoio e compreens\u00e3o dos mesmos nada teria dado certo. Agradecer a imprensa que sempre fez as coberturas, nossa coordenadora Lara Ferreira, Ruanderson Barros Secretario na \u00e9poca, Mateus Gerson T\u00e9cnico, entre outros\u201d, agradeceu Ant\u00f4nia Macedo. A data da posse ainda n\u00e3o foi definida.<\/p>\n<figure id=\"attachment_150399\" aria-describedby=\"caption-attachment-150399\" style=\"width: 600px\" class=\"wp-caption aligncenter\"><a href=\"https:\/\/portalv1.com.br\/app\/wp-content\/uploads\/2023\/07\/IMG_1418-1.jpg\"><img loading=\"lazy\" decoding=\"async\" class=\"wp-image-150399 size-large\" src=\"https:\/\/portalv1.com.br\/app\/wp-content\/uploads\/2023\/07\/IMG_1418-1-640x360.jpg\" alt=\"\" width=\"600\" height=\"338\" srcset=\"https:\/\/portalv1.com.br\/app\/wp-content\/uploads\/2023\/07\/IMG_1418-1-640x360.jpg 640w, https:\/\/portalv1.com.br\/app\/wp-content\/uploads\/2023\/07\/IMG_1418-1-300x169.jpg 300w, https:\/\/portalv1.com.br\/app\/wp-content\/uploads\/2023\/07\/IMG_1418-1-768x432.jpg 768w, https:\/\/portalv1.com.br\/app\/wp-content\/uploads\/2023\/07\/IMG_1418-1.jpg 1024w\" sizes=\"auto, (max-width: 600px) 100vw, 600px\" \/><\/a><figcaption id=\"caption-attachment-150399\" class=\"wp-caption-text\">Ant\u00f4nia Macedo<\/figcaption><\/figure>\n<figure id=\"attachment_150400\" aria-describedby=\"caption-attachment-150400\" style=\"width: 600px\" class=\"wp-caption aligncenter\"><a href=\"https:\/\/portalv1.com.br\/app\/wp-content\/uploads\/2023\/07\/4741866c-29f2-4a50-bea6-f7fab756ff65.jpg\"><img loading=\"lazy\" decoding=\"async\" class=\"wp-image-150400 size-large\" src=\"https:\/\/portalv1.com.br\/app\/wp-content\/uploads\/2023\/07\/4741866c-29f2-4a50-bea6-f7fab756ff65-640x706.jpg\" alt=\"\" width=\"600\" height=\"662\" srcset=\"https:\/\/portalv1.com.br\/app\/wp-content\/uploads\/2023\/07\/4741866c-29f2-4a50-bea6-f7fab756ff65-640x706.jpg 640w, https:\/\/portalv1.com.br\/app\/wp-content\/uploads\/2023\/07\/4741866c-29f2-4a50-bea6-f7fab756ff65-300x331.jpg 300w, https:\/\/portalv1.com.br\/app\/wp-content\/uploads\/2023\/07\/4741866c-29f2-4a50-bea6-f7fab756ff65-768x847.jpg 768w, https:\/\/portalv1.com.br\/app\/wp-content\/uploads\/2023\/07\/4741866c-29f2-4a50-bea6-f7fab756ff65.jpg 1161w\" sizes=\"auto, (max-width: 600px) 100vw, 600px\" \/><\/a><figcaption id=\"caption-attachment-150400\" class=\"wp-caption-text\">Maria do Socorro<\/figcaption><\/figure>\n","protected":false},"excerpt":{"rendered":"<p>A Associa\u00e7\u00e3o dos Agentes Comunit\u00e1rios de Sa\u00fade de Valen\u00e7a do Piau\u00ed tem nova presidente. Maria do Socorro Sousa Lima foi eleita presidenta da associa\u00e7\u00e3o em elei\u00e7\u00e3o realizada na manh\u00e3 desta&#8230;<\/p>\n","protected":false},"author":1,"featured_media":150400,"comment_status":"open","ping_status":"open","sticky":false,"template":"","format":"standard","meta":{"ngg_post_thumbnail":0,"footnotes":""},"categories":[243],"tags":[],"class_list":["post-150398","post","type-post","status-publish","format-standard","has-post-thumbnail","hentry","category-geral"],"views":740,"meta_data":{"thumb":"https:\/\/portalv1.com.br\/app\/wp-content\/uploads\/2023\/07\/4741866c-29f2-4a50-bea6-f7fab756ff65.jpg","imagem":{"fullsize":{"url":"https:\/\/portalv1.com.br\/app\/wp-content\/uploads\/2023\/07\/4741866c-29f2-4a50-bea6-f7fab756ff65.jpg","width":1161,"height":1280},"medium":{"url":"https:\/\/portalv1.com.br\/app\/wp-content\/uploads\/2023\/07\/4741866c-29f2-4a50-bea6-f7fab756ff65-300x331.jpg","width":300,"height":331},"large":{"url":"https:\/\/portalv1.com.br\/app\/wp-content\/uploads\/2023\/07\/4741866c-29f2-4a50-bea6-f7fab756ff65-640x706.jpg","width":640,"height":706},"thumbnail":{"url":"https:\/\/portalv1.com.br\/app\/wp-content\/uploads\/2023\/07\/4741866c-29f2-4a50-bea6-f7fab756ff65-100x100.jpg","width":100,"height":100},"medium_large":{"url":"https:\/\/portalv1.com.br\/app\/wp-content\/uploads\/2023\/07\/4741866c-29f2-4a50-bea6-f7fab756ff65-768x847.jpg","width":768,"height":847}},"data":{"simple":"17\/07\/2023","date_time":"17\/07\/2023 20:13:59","date":"h\u00e1 3 anos"},"chapeu":"Saiba Detalhes ","source":"slide"},"_links":{"self":[{"href":"https:\/\/portalv1.com.br\/api\/wp\/v2\/posts\/150398","targetHints":{"allow":["GET"]}}],"collection":[{"href":"https:\/\/portalv1.com.br\/api\/wp\/v2\/posts"}],"about":[{"href":"https:\/\/portalv1.com.br\/api\/wp\/v2\/types\/post"}],"author":[{"embeddable":true,"href":"https:\/\/portalv1.com.br\/api\/wp\/v2\/users\/1"}],"replies":[{"embeddable":true,"href":"https:\/\/portalv1.com.br\/api\/wp\/v2\/comments?post=150398"}],"version-history":[{"count":0,"href":"https:\/\/portalv1.com.br\/api\/wp\/v2\/posts\/150398\/revisions"}],"wp:featuredmedia":[{"embeddable":true,"href":"https:\/\/portalv1.com.br\/api\/wp\/v2\/media\/150400"}],"wp:attachment":[{"href":"https:\/\/portalv1.com.br\/api\/wp\/v2\/media?parent=150398"}],"wp:term":[{"taxonomy":"category","embeddable":true,"href":"https:\/\/portalv1.com.br\/api\/wp\/v2\/categories?post=150398"},{"taxonomy":"post_tag","embeddable":true,"href":"https:\/\/portalv1.com.br\/api\/wp\/v2\/tags?post=150398"}],"curies":[{"name":"wp","href":"https:\/\/api.w.org\/{rel}","templated":true}]}}