{"id":15045,"date":"2013-02-22T22:36:09","date_gmt":"2013-02-23T01:36:09","guid":{"rendered":"https:\/\/portalv1.com.br\/?p=15045"},"modified":"2013-03-04T15:56:29","modified_gmt":"2013-03-04T18:56:29","slug":"prefeito-tome-portela-divulga-programacao-dos-51-anos-de-aroazes","status":"publish","type":"post","link":"https:\/\/portalv1.com.br\/prefeito-tome-portela-divulga-programacao-dos-51-anos-de-aroazes\/","title":{"rendered":"Prefeito Tom\u00e9 Portela divulga programa\u00e7\u00e3o dos 51 anos de Aroazes"},"content":{"rendered":"<figure id=\"attachment_15046\" aria-describedby=\"caption-attachment-15046\" style=\"width: 300px\" class=\"wp-caption alignright\"><img loading=\"lazy\" decoding=\"async\" class=\"size-medium wp-image-15046\" alt=\"vice-prefeito Adalberto e o prefeito Tom\u00e9 Portela\" src=\"https:\/\/portalv1.com.br\/app\/wp-content\/uploads\/2013\/02\/tome-300x225.jpg\" width=\"300\" height=\"225\" srcset=\"https:\/\/portalv1.com.br\/app\/wp-content\/uploads\/2013\/02\/tome-300x225.jpg 300w, https:\/\/portalv1.com.br\/app\/wp-content\/uploads\/2013\/02\/tome.jpg 450w\" sizes=\"auto, (max-width: 300px) 100vw, 300px\" \/><figcaption id=\"caption-attachment-15046\" class=\"wp-caption-text\">vice-prefeito Adalberto e o prefeito Tom\u00e9 Portela<\/figcaption><\/figure>\n<p>O prefeito de Aroazes, Tom\u00e9 Portela (PTB) divulgou a programa\u00e7\u00e3o de comemora\u00e7\u00e3o dos 51 anos de emancipa\u00e7\u00e3o pol\u00edtica de Aroazes, que ser\u00e1 comemorado na pr\u00f3xima quarta-feira 27 de fevereiro. Na programa\u00e7\u00e3o eventos esportivos, religiosos, c\u00edvicos e culturais.<\/p>\n<p>As 05h da manha acontecer\u00e1 uma alvorada. As 07h hasteamento das bandeiras na C\u00e2mara Municipal, seguido de maratonas de ciclismo e pedestre com sa\u00edda do Parque de Vaquejada at\u00e9 a entrada principal da cidade, com premia\u00e7\u00e3o para os tr\u00eas primeiros de cada modalidade.<\/p>\n<p>09h celebra\u00e7\u00e3o da santa missa na Igreja Matriz. 10h da manha corte do bolo e canto de parab\u00e9ns no mercado publico, seguido do tradicional campeonato de baralho. As 16h partida de futebol entre a Sele\u00e7\u00e3o de Aroazes e o Fluminense de Teresina, no Est\u00e1dio Portel\u00e3o. 22h grande show popular com o Forr\u00f3 Sacode na quadra esportiva.<\/p>\n<p>O prefeito Tom\u00e9 Portela, vice-prefeito Adalberto, presidente da c\u00e2mara Ant\u00f4nio Fil\u00f3, vereadores e secret\u00e1rios municipais convidam a todos para participar das festividades durante todo o dia 27\/02 e avisa que as inscri\u00e7\u00f5es para as competi\u00e7\u00f5es podem ser realizadas na hora dos eventos esportivos.<\/p>\n","protected":false},"excerpt":{"rendered":"<p>O prefeito de Aroazes, Tom\u00e9 Portela (PTB) divulgou a programa\u00e7\u00e3o de comemora\u00e7\u00e3o dos 51 anos de emancipa\u00e7\u00e3o pol\u00edtica de Aroazes, que ser\u00e1 comemorado na pr\u00f3xima quarta-feira 27 de fevereiro. Na&#8230;<\/p>\n","protected":false},"author":1,"featured_media":0,"comment_status":"open","ping_status":"open","sticky":false,"template":"","format":"standard","meta":{"ngg_post_thumbnail":0,"footnotes":""},"categories":[12],"tags":[],"class_list":["post-15045","post","type-post","status-publish","format-standard","hentry","category-valenca-news"],"views":803,"meta_data":{"thumb":"https:\/\/portalv1.com.br\/app\/wp-content\/uploads\/2013\/02\/tome.jpg","data":{"simple":"22\/02\/2013","date_time":"22\/02\/2013 19:36:09","date":"h\u00e1 13 anos"},"chapeu":"Forr\u00f3 Sacode ","source":"retirar"},"_links":{"self":[{"href":"https:\/\/portalv1.com.br\/api\/wp\/v2\/posts\/15045","targetHints":{"allow":["GET"]}}],"collection":[{"href":"https:\/\/portalv1.com.br\/api\/wp\/v2\/posts"}],"about":[{"href":"https:\/\/portalv1.com.br\/api\/wp\/v2\/types\/post"}],"author":[{"embeddable":true,"href":"https:\/\/portalv1.com.br\/api\/wp\/v2\/users\/1"}],"replies":[{"embeddable":true,"href":"https:\/\/portalv1.com.br\/api\/wp\/v2\/comments?post=15045"}],"version-history":[{"count":0,"href":"https:\/\/portalv1.com.br\/api\/wp\/v2\/posts\/15045\/revisions"}],"wp:attachment":[{"href":"https:\/\/portalv1.com.br\/api\/wp\/v2\/media?parent=15045"}],"wp:term":[{"taxonomy":"category","embeddable":true,"href":"https:\/\/portalv1.com.br\/api\/wp\/v2\/categories?post=15045"},{"taxonomy":"post_tag","embeddable":true,"href":"https:\/\/portalv1.com.br\/api\/wp\/v2\/tags?post=15045"}],"curies":[{"name":"wp","href":"https:\/\/api.w.org\/{rel}","templated":true}]}}