{"id":150470,"date":"2023-07-19T14:34:15","date_gmt":"2023-07-19T17:34:15","guid":{"rendered":"https:\/\/portalv1.com.br\/?p=150470"},"modified":"2023-07-19T14:54:57","modified_gmt":"2023-07-19T17:54:57","slug":"vii-festival-de-quadrilhas-sera-realizado-em-francinopolis","status":"publish","type":"post","link":"https:\/\/portalv1.com.br\/vii-festival-de-quadrilhas-sera-realizado-em-francinopolis\/","title":{"rendered":"VII Festival de Quadrilhas ser\u00e1 realizado em Francin\u00f3polis"},"content":{"rendered":"<p>A Prefeitura de Francin\u00f3polis do Piau\u00ed vai realizar nos dias 20, 21 e 22, o VII Festival de Quadrilhas do munic\u00edpio. O evento vai acontecer no espa\u00e7o de eventos do centro.<\/p>\n<p>A primeira noite de festividade ser\u00e1 realizado o Arrai\u00e1 Social com apresenta\u00e7\u00f5es dos grupos acompanhados pelo Servi\u00e7o de Conviv\u00eancia.<\/p>\n<p>No dia 21 de julho, ter\u00e1 a apresenta\u00e7\u00e3o de grupos Juninos da cidade e de outros munic\u00edpios e no dia 22 a \u00faltima noite o p\u00fablico ser\u00e1 animado por Gleyson Sanfoneiro, Samyra Show e Ciel Farra. Toda regi\u00e3o \u00e9 convidada.<\/p>\n<p><img loading=\"lazy\" decoding=\"async\" class=\"alignnone size-medium wp-image-150471\" src=\"https:\/\/portalv1.com.br\/app\/wp-content\/uploads\/2023\/07\/IMG-20230719-WA0014-300x424.jpg\" alt=\"\" width=\"300\" height=\"424\" srcset=\"https:\/\/portalv1.com.br\/app\/wp-content\/uploads\/2023\/07\/IMG-20230719-WA0014-300x424.jpg 300w, https:\/\/portalv1.com.br\/app\/wp-content\/uploads\/2023\/07\/IMG-20230719-WA0014-640x905.jpg 640w, https:\/\/portalv1.com.br\/app\/wp-content\/uploads\/2023\/07\/IMG-20230719-WA0014-768x1086.jpg 768w, https:\/\/portalv1.com.br\/app\/wp-content\/uploads\/2023\/07\/IMG-20230719-WA0014-1086x1536.jpg 1086w, https:\/\/portalv1.com.br\/app\/wp-content\/uploads\/2023\/07\/IMG-20230719-WA0014.jpg 1131w\" sizes=\"auto, (max-width: 300px) 100vw, 300px\" \/> <img loading=\"lazy\" decoding=\"async\" class=\"alignnone size-medium wp-image-150472\" src=\"https:\/\/portalv1.com.br\/app\/wp-content\/uploads\/2023\/07\/IMG-20230719-WA0011-300x375.jpg\" alt=\"\" width=\"300\" height=\"375\" srcset=\"https:\/\/portalv1.com.br\/app\/wp-content\/uploads\/2023\/07\/IMG-20230719-WA0011-300x375.jpg 300w, https:\/\/portalv1.com.br\/app\/wp-content\/uploads\/2023\/07\/IMG-20230719-WA0011-640x801.jpg 640w, https:\/\/portalv1.com.br\/app\/wp-content\/uploads\/2023\/07\/IMG-20230719-WA0011-768x961.jpg 768w, https:\/\/portalv1.com.br\/app\/wp-content\/uploads\/2023\/07\/IMG-20230719-WA0011-1228x1536.jpg 1228w, https:\/\/portalv1.com.br\/app\/wp-content\/uploads\/2023\/07\/IMG-20230719-WA0011.jpg 1279w\" sizes=\"auto, (max-width: 300px) 100vw, 300px\" \/> <img loading=\"lazy\" decoding=\"async\" class=\"alignnone size-medium wp-image-150473\" src=\"https:\/\/portalv1.com.br\/app\/wp-content\/uploads\/2023\/07\/IMG-20230719-WA0013-300x534.jpg\" alt=\"\" width=\"300\" height=\"534\" srcset=\"https:\/\/portalv1.com.br\/app\/wp-content\/uploads\/2023\/07\/IMG-20230719-WA0013-300x534.jpg 300w, https:\/\/portalv1.com.br\/app\/wp-content\/uploads\/2023\/07\/IMG-20230719-WA0013-640x1138.jpg 640w, https:\/\/portalv1.com.br\/app\/wp-content\/uploads\/2023\/07\/IMG-20230719-WA0013-768x1366.jpg 768w, https:\/\/portalv1.com.br\/app\/wp-content\/uploads\/2023\/07\/IMG-20230719-WA0013-864x1536.jpg 864w, https:\/\/portalv1.com.br\/app\/wp-content\/uploads\/2023\/07\/IMG-20230719-WA0013.jpg 899w\" sizes=\"auto, (max-width: 300px) 100vw, 300px\" \/><\/p>\n","protected":false},"excerpt":{"rendered":"<p>A Prefeitura de Francin\u00f3polis do Piau\u00ed vai realizar nos dias 20, 21 e 22, o VII Festival de Quadrilhas do munic\u00edpio. O evento vai acontecer no espa\u00e7o de eventos do&#8230;<\/p>\n","protected":false},"author":16,"featured_media":150474,"comment_status":"open","ping_status":"open","sticky":false,"template":"","format":"standard","meta":{"ngg_post_thumbnail":0,"footnotes":""},"categories":[243],"tags":[],"class_list":["post-150470","post","type-post","status-publish","format-standard","has-post-thumbnail","hentry","category-geral"],"views":355,"meta_data":{"thumb":"https:\/\/portalv1.com.br\/app\/wp-content\/uploads\/2023\/07\/IMG-20230719-WA00112.jpg","imagem":{"fullsize":{"url":"https:\/\/portalv1.com.br\/app\/wp-content\/uploads\/2023\/07\/IMG-20230719-WA00112.jpg","width":1279,"height":1061},"medium":{"url":"https:\/\/portalv1.com.br\/app\/wp-content\/uploads\/2023\/07\/IMG-20230719-WA00112-300x249.jpg","width":300,"height":249},"large":{"url":"https:\/\/portalv1.com.br\/app\/wp-content\/uploads\/2023\/07\/IMG-20230719-WA00112-640x531.jpg","width":640,"height":531},"thumbnail":{"url":"https:\/\/portalv1.com.br\/app\/wp-content\/uploads\/2023\/07\/IMG-20230719-WA00112-100x100.jpg","width":100,"height":100},"medium_large":{"url":"https:\/\/portalv1.com.br\/app\/wp-content\/uploads\/2023\/07\/IMG-20230719-WA00112-768x637.jpg","width":768,"height":637}},"data":{"simple":"19\/07\/2023","date_time":"19\/07\/2023 11:34:15","date":"h\u00e1 3 anos"},"chapeu":"Veja programa\u00e7\u00e3o","source":"slide"},"_links":{"self":[{"href":"https:\/\/portalv1.com.br\/api\/wp\/v2\/posts\/150470","targetHints":{"allow":["GET"]}}],"collection":[{"href":"https:\/\/portalv1.com.br\/api\/wp\/v2\/posts"}],"about":[{"href":"https:\/\/portalv1.com.br\/api\/wp\/v2\/types\/post"}],"author":[{"embeddable":true,"href":"https:\/\/portalv1.com.br\/api\/wp\/v2\/users\/16"}],"replies":[{"embeddable":true,"href":"https:\/\/portalv1.com.br\/api\/wp\/v2\/comments?post=150470"}],"version-history":[{"count":0,"href":"https:\/\/portalv1.com.br\/api\/wp\/v2\/posts\/150470\/revisions"}],"wp:featuredmedia":[{"embeddable":true,"href":"https:\/\/portalv1.com.br\/api\/wp\/v2\/media\/150474"}],"wp:attachment":[{"href":"https:\/\/portalv1.com.br\/api\/wp\/v2\/media?parent=150470"}],"wp:term":[{"taxonomy":"category","embeddable":true,"href":"https:\/\/portalv1.com.br\/api\/wp\/v2\/categories?post=150470"},{"taxonomy":"post_tag","embeddable":true,"href":"https:\/\/portalv1.com.br\/api\/wp\/v2\/tags?post=150470"}],"curies":[{"name":"wp","href":"https:\/\/api.w.org\/{rel}","templated":true}]}}