{"id":15122,"date":"2013-03-02T09:06:17","date_gmt":"2013-03-02T12:06:17","guid":{"rendered":"https:\/\/portalv1.com.br\/?p=15122"},"modified":"2013-03-02T09:06:17","modified_gmt":"2013-03-02T12:06:17","slug":"ministro-autoriza-linha-de-credito-para-agricultor-familiar-via-b-nordeste","status":"publish","type":"post","link":"https:\/\/portalv1.com.br\/ministro-autoriza-linha-de-credito-para-agricultor-familiar-via-b-nordeste\/","title":{"rendered":"Ministro autoriza linha de cr\u00e9dito para agricultor familiar via B. Nordeste"},"content":{"rendered":"<figure id=\"attachment_15123\" aria-describedby=\"caption-attachment-15123\" style=\"width: 300px\" class=\"wp-caption alignright\"><a href=\"https:\/\/portalv1.com.br\/app\/wp-content\/uploads\/2013\/03\/pepe.jpg\"><img loading=\"lazy\" decoding=\"async\" class=\"size-medium wp-image-15123\" alt=\"Ministro do Desenvolvimento Agr\u00e1rio (MDA), Pepe Vargas\" src=\"https:\/\/portalv1.com.br\/app\/wp-content\/uploads\/2013\/03\/pepe-300x200.jpg\" width=\"300\" height=\"200\" srcset=\"https:\/\/portalv1.com.br\/app\/wp-content\/uploads\/2013\/03\/pepe-300x200.jpg 300w, https:\/\/portalv1.com.br\/app\/wp-content\/uploads\/2013\/03\/pepe.jpg 535w\" sizes=\"auto, (max-width: 300px) 100vw, 300px\" \/><\/a><figcaption id=\"caption-attachment-15123\" class=\"wp-caption-text\">Ministro do Desenvolvimento Agr\u00e1rio (MDA), Pepe Vargas<\/figcaption><\/figure>\n<p>O programa de microcr\u00e9dito rural Agroamigo vai custear opera\u00e7\u00f5es de at\u00e9 R$ 15 mil. Com o nome de Agroamigo Mais, a amplia\u00e7\u00e3o do Programa de Microcr\u00e9dito Produtivo Orientado (PNMPO) foi apresentada no Encontro de Coordenadores do Banco do Nordeste (BNB) na manh\u00e3 desta sexta-feira (1\u00ba), em Fortaleza (CE).<\/p>\n<p>Presente no encontro, o ministro do Desenvolvimento Agr\u00e1rio (MDA), Pepe Vargas, apresentou aos presentes as pol\u00edticas do minist\u00e9rio, al\u00e9m de elogiar a atua\u00e7\u00e3o da institui\u00e7\u00e3o banc\u00e1ria na operacionaliza\u00e7\u00e3o da nova linha de cr\u00e9dito &#8211; inicialmente voltada a agricultores familiares com faixa de renda que se enquadram no Pronaf B. \u201cO BNB \u00e9 o nosso grande parceiro na execu\u00e7\u00e3o do Pronaf B, no Nordeste. E, o trabalho dos assessores de microcr\u00e9dito do Agroamigo \u00e9 fundamental, para que mais agricultores tenham acesso a estes recursos\u201d, afirmou.<\/p>\n<p>Pepe lembrou que 93% das opera\u00e7\u00f5es do Pronaf B s\u00e3o executadas pelo BNB. Em sete anos de atua\u00e7\u00e3o, o Agroamigo realizou cerca de 1,9 milh\u00e3o de opera\u00e7\u00f5es de cr\u00e9dito e investiu mais de R$ 3,4 bilh\u00f5es na economia regional. O programa adota um m\u00e9todo que alia viabilidade produtiva com educa\u00e7\u00e3o financeira e conscientiza\u00e7\u00e3o ambiental dos agricultores familiares. Para o ministro Pepe Vargas, esta forma de trabalho \u00e9 fundamental para o processo de inclus\u00e3o produtiva, amplia\u00e7\u00e3o de renda e pela melhoria da qualidade de vida das fam\u00edlias de agricultores familiares.<\/p>\n<p>O ministro tamb\u00e9m abordou as medidas para o enfrentamento aos efeitos da seca na regi\u00e3o, considerada uma das piores dos \u00faltimos 40 anos, ao salientar a\u00e7\u00f5es do governo federal. Pepe destacou o Garantia- Safra, a constru\u00e7\u00e3o de cisternas, a cria\u00e7\u00e3o de uma linha de cr\u00e9dito emergencial, al\u00e9m da prorroga\u00e7\u00e3o dos contratos de custeio e investimento como algumas das medidas adotadas.<\/p>\n<p>Ao mencionar a m\u00fasica considerada o hino do Nordeste, Asa Branca, cantada a quatro vozes na abertura do evento pelo coral do BNB, Pepe Vargas comparou o Brasil de d\u00e9cadas passadas com o Pa\u00eds em que vivemos atualmente. \u201cGra\u00e7as a estas medidas n\u00e3o vemos mais aquelas imagens de retirantes, de pessoas morrendo de fome e, at\u00e9 mesmo, praticando algumas atitudes desesperadas como saques. O que precisamos melhorar \u00e9 a quest\u00e3o da \u00e1gua e da alimenta\u00e7\u00e3o para os animais\u201d, ponderou.<\/p>\n<p>Ao fim da apresenta\u00e7\u00e3o, o ministro agradeceu a todos os assessores de microcr\u00e9dito pela dedica\u00e7\u00e3o e pelo empenho em levar as pol\u00edticas p\u00fablicas para os agricultores familiares. \u201cEste trabalho s\u00f3 \u00e9 poss\u00edvel pelo amor com que cada um de voc\u00eas faz esse trabalho que \u00e9 mais importante do que se pode imaginar\u201d, reconheceu.<\/p>\n<p><b>Agroamigo Mais para melhorar acesso \u00e0 \u00e1gua<\/b><\/p>\n<p>No evento, os agricultores Francisco Mathias Barbosa do Nascimento, de Quixeramobim, e Josefa da Luz dos Santos, de Milagres, assinaram contratos pela nova modalidade do Agroamigo. Ambos fizeram os financiamentos para melhorar o acesso \u00e0 \u00e1gua para a produ\u00e7\u00e3o.<\/p>\n<p>Joseja planta tomate e buscou o financiamento para a perfura\u00e7\u00e3o de um po\u00e7o artesiano para aumentar a produtividade. J\u00e1 o agricultor da localidade de S\u00e3o Miguel, em Quixeramobim, est\u00e1 acessando o cr\u00e9dito pela primeira vez e vai investir na compra de um kit de irriga\u00e7\u00e3o para desenvolver a planta\u00e7\u00e3o de mam\u00e3o e maracuj\u00e1. O objetivo dos agricultores \u00e9 comum: melhorar a renda familiar.<\/p>\n<p>Para o presidente do Banco do Nordeste, Ary Joel Lanzarin, os objetivos dos agricultores e da institui\u00e7\u00e3o se complementam. \u201cO nosso envolvimento \u00e9 o grande diferencial para o sucesso do Pronaf e do Agroamigo\u201d, definiu.\u00a0 O diretor de Gest\u00e3o e Desenvolvimento do BNB, Stelio Gama, apresentou dados que comprovam a efici\u00eancia do programa. Segundo ele, as fam\u00edlias que acessam t\u00eam um aumento de at\u00e9 40% na vendas da produ\u00e7\u00e3o e de 19% no rebanho.<\/p>\n","protected":false},"excerpt":{"rendered":"<p>O programa de microcr\u00e9dito rural Agroamigo vai custear opera\u00e7\u00f5es de at\u00e9 R$ 15 mil. Com o nome de Agroamigo Mais, a amplia\u00e7\u00e3o do Programa de Microcr\u00e9dito Produtivo Orientado (PNMPO) foi&#8230;<\/p>\n","protected":false},"author":1,"featured_media":0,"comment_status":"open","ping_status":"open","sticky":false,"template":"","format":"standard","meta":{"ngg_post_thumbnail":0,"footnotes":""},"categories":[12],"tags":[],"class_list":["post-15122","post","type-post","status-publish","format-standard","hentry","category-valenca-news"],"views":285,"meta_data":{"thumb":"https:\/\/portalv1.com.br\/app\/wp-content\/uploads\/2013\/03\/pepe.jpg","data":{"simple":"02\/03\/2013","date_time":"02\/03\/2013 06:06:17","date":"h\u00e1 13 anos"},"chapeu":"Agroamigo Mais","source":"m_destacada"},"_links":{"self":[{"href":"https:\/\/portalv1.com.br\/api\/wp\/v2\/posts\/15122","targetHints":{"allow":["GET"]}}],"collection":[{"href":"https:\/\/portalv1.com.br\/api\/wp\/v2\/posts"}],"about":[{"href":"https:\/\/portalv1.com.br\/api\/wp\/v2\/types\/post"}],"author":[{"embeddable":true,"href":"https:\/\/portalv1.com.br\/api\/wp\/v2\/users\/1"}],"replies":[{"embeddable":true,"href":"https:\/\/portalv1.com.br\/api\/wp\/v2\/comments?post=15122"}],"version-history":[{"count":0,"href":"https:\/\/portalv1.com.br\/api\/wp\/v2\/posts\/15122\/revisions"}],"wp:attachment":[{"href":"https:\/\/portalv1.com.br\/api\/wp\/v2\/media?parent=15122"}],"wp:term":[{"taxonomy":"category","embeddable":true,"href":"https:\/\/portalv1.com.br\/api\/wp\/v2\/categories?post=15122"},{"taxonomy":"post_tag","embeddable":true,"href":"https:\/\/portalv1.com.br\/api\/wp\/v2\/tags?post=15122"}],"curies":[{"name":"wp","href":"https:\/\/api.w.org\/{rel}","templated":true}]}}