{"id":15131,"date":"2013-03-04T08:40:45","date_gmt":"2013-03-04T11:40:45","guid":{"rendered":"https:\/\/portalv1.com.br\/?p=15131"},"modified":"2013-03-05T22:16:06","modified_gmt":"2013-03-06T01:16:06","slug":"motoqueiro-morre-ao-sobrar-na-curva-da-morte-em-valenca","status":"publish","type":"post","link":"https:\/\/portalv1.com.br\/motoqueiro-morre-ao-sobrar-na-curva-da-morte-em-valenca\/","title":{"rendered":"Motoqueiro morre ao sobrar na \u201ccurva da morte\u201d em Valen\u00e7a"},"content":{"rendered":"<figure id=\"attachment_15132\" aria-describedby=\"caption-attachment-15132\" style=\"width: 300px\" class=\"wp-caption alignright\"><a href=\"https:\/\/portalv1.com.br\/app\/wp-content\/uploads\/2013\/03\/curva-da-morte.jpg\"><img loading=\"lazy\" decoding=\"async\" class=\"size-medium wp-image-15132\" alt=\"A Curva da Morte ganhou esse nome pela grande quantidade de acidentes fatais registrados   \" src=\"https:\/\/portalv1.com.br\/app\/wp-content\/uploads\/2013\/03\/curva-da-morte-300x225.jpg\" width=\"300\" height=\"225\" srcset=\"https:\/\/portalv1.com.br\/app\/wp-content\/uploads\/2013\/03\/curva-da-morte-300x225.jpg 300w, https:\/\/portalv1.com.br\/app\/wp-content\/uploads\/2013\/03\/curva-da-morte-640x480.jpg 640w, https:\/\/portalv1.com.br\/app\/wp-content\/uploads\/2013\/03\/curva-da-morte.jpg 960w\" sizes=\"auto, (max-width: 300px) 100vw, 300px\" \/><\/a><figcaption id=\"caption-attachment-15132\" class=\"wp-caption-text\">A Curva da Morte ganhou esse nome pela grande quantidade de acidentes fatais registrados<\/figcaption><\/figure>\n<p>Foi registrado na tarde deste domingo (03), um acidente fatal em Valen\u00e7a do Piau\u00ed. Moises Alves de Araujo (38) morreu ap\u00f3s sobrar em uma curva no Bairro Campestre, na PI 469, que liga Valen\u00e7a a Lagoa do Sitio. Moises Alves estava em uma moto juntamente com um menor de 14 anos, que pulou antes da queda e teve apenas escoria\u00e7\u00f5es.<\/p>\n<p>Segundo o cunhado da vitima, o frentista Pajaraca pai do menor, a vitima tinha ido ao Balne\u00e1rio Santa Rosa na companhia do menor e ao retornar a Valen\u00e7a, antes de voltar para casa no Bairro Novo Horizonte decidiu ir a uma churrascaria no Bairro Barrinha e no retorno sobrou na curva conhecida na cidade por \u201cCurva da Morte\u201d.<\/p>\n<p>Moises Alves n\u00e3o resistiu aos ferimentos e morreu com o choque da moto e o menor sofreu apenas escoria\u00e7\u00f5es. O cunhado disse ao Portalv1, que seu filho comentou que a vitima vinha em alta velocidade do balne\u00e1rio e que n\u00e3o queria andar mais com ele. \u201cComo ele mim garantiu que iria direto para casa, eu n\u00e3o chamei um mototaxi para levar meu filho\u201d disse o pai. Moises Alves era solteiro e n\u00e3o tinha filhos.<\/p>\n","protected":false},"excerpt":{"rendered":"<p>Foi registrado na tarde deste domingo (03), um acidente fatal em Valen\u00e7a do Piau\u00ed. Moises Alves de Araujo (38) morreu ap\u00f3s sobrar em uma curva no Bairro Campestre, na PI&#8230;<\/p>\n","protected":false},"author":1,"featured_media":0,"comment_status":"open","ping_status":"open","sticky":false,"template":"","format":"standard","meta":{"ngg_post_thumbnail":0,"footnotes":""},"categories":[243,12],"tags":[],"class_list":["post-15131","post","type-post","status-publish","format-standard","hentry","category-geral","category-valenca-news"],"views":2282,"meta_data":{"thumb":"https:\/\/portalv1.com.br\/app\/wp-content\/uploads\/2013\/03\/curva-da-morte.jpg","data":{"simple":"04\/03\/2013","date_time":"04\/03\/2013 05:40:45","date":"h\u00e1 13 anos"},"chapeu":"Morreu no local","source":"retirar"},"_links":{"self":[{"href":"https:\/\/portalv1.com.br\/api\/wp\/v2\/posts\/15131","targetHints":{"allow":["GET"]}}],"collection":[{"href":"https:\/\/portalv1.com.br\/api\/wp\/v2\/posts"}],"about":[{"href":"https:\/\/portalv1.com.br\/api\/wp\/v2\/types\/post"}],"author":[{"embeddable":true,"href":"https:\/\/portalv1.com.br\/api\/wp\/v2\/users\/1"}],"replies":[{"embeddable":true,"href":"https:\/\/portalv1.com.br\/api\/wp\/v2\/comments?post=15131"}],"version-history":[{"count":0,"href":"https:\/\/portalv1.com.br\/api\/wp\/v2\/posts\/15131\/revisions"}],"wp:attachment":[{"href":"https:\/\/portalv1.com.br\/api\/wp\/v2\/media?parent=15131"}],"wp:term":[{"taxonomy":"category","embeddable":true,"href":"https:\/\/portalv1.com.br\/api\/wp\/v2\/categories?post=15131"},{"taxonomy":"post_tag","embeddable":true,"href":"https:\/\/portalv1.com.br\/api\/wp\/v2\/tags?post=15131"}],"curies":[{"name":"wp","href":"https:\/\/api.w.org\/{rel}","templated":true}]}}