{"id":151404,"date":"2023-07-24T17:30:14","date_gmt":"2023-07-24T20:30:14","guid":{"rendered":"https:\/\/portalv1.com.br\/?p=151404"},"modified":"2023-07-24T17:30:14","modified_gmt":"2023-07-24T20:30:14","slug":"oposicao-de-pimenteiras-se-reune-e-traca-estrategias-para-eleicoes-municipais","status":"publish","type":"post","link":"https:\/\/portalv1.com.br\/oposicao-de-pimenteiras-se-reune-e-traca-estrategias-para-eleicoes-municipais\/","title":{"rendered":"Oposi\u00e7\u00e3o de Pimenteiras se re\u00fane e tra\u00e7a estrat\u00e9gias para elei\u00e7\u00f5es municipais"},"content":{"rendered":"<p>Representantes da oposi\u00e7\u00e3o em Pimenteiras come\u00e7am a se organizar visando \u00e0s elei\u00e7\u00f5es municipais do pr\u00f3ximo ano. As conversas aumentaram nos \u00faltimos dias e as articula\u00e7\u00f5es visando tra\u00e7ar estrat\u00e9gias se intensificaram com o objetivo de ouvir a popula\u00e7\u00e3o e os l\u00edderes sobre os caminhos da formata\u00e7\u00e3o de um plano de a\u00e7\u00e3o para discutir melhorias para o munic\u00edpio.<\/p>\n<p>O anfitri\u00e3o do encontro realizado &nbsp;no \u00faltimo s\u00e1bado (22) foi o presidente da C\u00e2mara de Vereadores Z\u00e9 Ota e contou com a presen\u00e7a da vice-presidente da C\u00e2mara, vereadora Carla Santos, vereador Davilan Dantas, vereadora Francineide Pimentel, empres\u00e1rio Ademar Ota, ex-prefeitos Nonato Marreiros, Netinho, m\u00e9dico Dr. Arraes, empres\u00e1rio Neto Parambu e o prefeito de Valen\u00e7a, Marcelo Costa, que foi convidado para o encontro.<\/p>\n<p>As lideran\u00e7as entendem que existe um caminho promissor para pavimentar uma base fortalecida para 2024, come\u00e7ando pela uni\u00e3o da oposi\u00e7\u00e3o, assim como enxergam um desejo popular de ver Pimenteiras crescer, mas crescer para todos.<\/p>\n<p><a href=\"https:\/\/portalv1.com.br\/app\/wp-content\/uploads\/2023\/07\/oposicao.jpg\"><img loading=\"lazy\" decoding=\"async\" class=\"aligncenter size-large wp-image-151405\" src=\"https:\/\/portalv1.com.br\/app\/wp-content\/uploads\/2023\/07\/oposicao-640x408.jpg\" alt=\"\" width=\"600\" height=\"383\" srcset=\"https:\/\/portalv1.com.br\/app\/wp-content\/uploads\/2023\/07\/oposicao-640x408.jpg 640w, https:\/\/portalv1.com.br\/app\/wp-content\/uploads\/2023\/07\/oposicao-300x191.jpg 300w, https:\/\/portalv1.com.br\/app\/wp-content\/uploads\/2023\/07\/oposicao-768x489.jpg 768w, https:\/\/portalv1.com.br\/app\/wp-content\/uploads\/2023\/07\/oposicao.jpg 1024w\" sizes=\"auto, (max-width: 600px) 100vw, 600px\" \/><\/a><\/p>\n","protected":false},"excerpt":{"rendered":"<p>Representantes da oposi\u00e7\u00e3o em Pimenteiras come\u00e7am a se organizar visando \u00e0s elei\u00e7\u00f5es municipais do pr\u00f3ximo ano. As conversas aumentaram nos \u00faltimos dias e as articula\u00e7\u00f5es visando tra\u00e7ar estrat\u00e9gias se intensificaram&#8230;<\/p>\n","protected":false},"author":1,"featured_media":151405,"comment_status":"open","ping_status":"open","sticky":false,"template":"","format":"standard","meta":{"ngg_post_thumbnail":0,"footnotes":""},"categories":[243],"tags":[],"class_list":["post-151404","post","type-post","status-publish","format-standard","has-post-thumbnail","hentry","category-geral"],"views":1387,"meta_data":{"thumb":"https:\/\/portalv1.com.br\/app\/wp-content\/uploads\/2023\/07\/oposicao.jpg","imagem":{"fullsize":{"url":"https:\/\/portalv1.com.br\/app\/wp-content\/uploads\/2023\/07\/oposicao.jpg","width":1024,"height":652},"medium":{"url":"https:\/\/portalv1.com.br\/app\/wp-content\/uploads\/2023\/07\/oposicao-300x191.jpg","width":300,"height":191},"large":{"url":"https:\/\/portalv1.com.br\/app\/wp-content\/uploads\/2023\/07\/oposicao-640x408.jpg","width":640,"height":408},"thumbnail":{"url":"https:\/\/portalv1.com.br\/app\/wp-content\/uploads\/2023\/07\/oposicao-100x100.jpg","width":100,"height":100},"medium_large":{"url":"https:\/\/portalv1.com.br\/app\/wp-content\/uploads\/2023\/07\/oposicao-768x489.jpg","width":768,"height":489}},"data":{"simple":"24\/07\/2023","date_time":"24\/07\/2023 14:30:14","date":"h\u00e1 3 anos"},"chapeu":"Elei\u00e7\u00f5es 2024","source":"slide"},"_links":{"self":[{"href":"https:\/\/portalv1.com.br\/api\/wp\/v2\/posts\/151404","targetHints":{"allow":["GET"]}}],"collection":[{"href":"https:\/\/portalv1.com.br\/api\/wp\/v2\/posts"}],"about":[{"href":"https:\/\/portalv1.com.br\/api\/wp\/v2\/types\/post"}],"author":[{"embeddable":true,"href":"https:\/\/portalv1.com.br\/api\/wp\/v2\/users\/1"}],"replies":[{"embeddable":true,"href":"https:\/\/portalv1.com.br\/api\/wp\/v2\/comments?post=151404"}],"version-history":[{"count":0,"href":"https:\/\/portalv1.com.br\/api\/wp\/v2\/posts\/151404\/revisions"}],"wp:featuredmedia":[{"embeddable":true,"href":"https:\/\/portalv1.com.br\/api\/wp\/v2\/media\/151405"}],"wp:attachment":[{"href":"https:\/\/portalv1.com.br\/api\/wp\/v2\/media?parent=151404"}],"wp:term":[{"taxonomy":"category","embeddable":true,"href":"https:\/\/portalv1.com.br\/api\/wp\/v2\/categories?post=151404"},{"taxonomy":"post_tag","embeddable":true,"href":"https:\/\/portalv1.com.br\/api\/wp\/v2\/tags?post=151404"}],"curies":[{"name":"wp","href":"https:\/\/api.w.org\/{rel}","templated":true}]}}