{"id":151407,"date":"2023-07-25T11:32:14","date_gmt":"2023-07-25T14:32:14","guid":{"rendered":"https:\/\/portalv1.com.br\/?p=151407"},"modified":"2023-07-25T11:32:14","modified_gmt":"2023-07-25T14:32:14","slug":"samyra-show-ciel-farra-e-glaydson-sanfoneiro-encerram-festival-cultural-em-francinopolis","status":"publish","type":"post","link":"https:\/\/portalv1.com.br\/samyra-show-ciel-farra-e-glaydson-sanfoneiro-encerram-festival-cultural-em-francinopolis\/","title":{"rendered":"Samyra Show, Ciel Farra e Glaydson Sanfoneiro encerram Festival Cultural em Francin\u00f3polis"},"content":{"rendered":"<p>A Prefeitura de Francin\u00f3polis fechou com chave de ouro os tr\u00eas dias de atividades culturais e art\u00edsticas do munic\u00edpio. Na quinta-feira (20) aconteceu o Arrai\u00e1 Social com apresenta\u00e7\u00f5es art\u00edsticas das crian\u00e7as, jovens e idosos atendidos pela Secretaria de Assist\u00eancia Social. O festival foi um sucesso de p\u00fablico e emo\u00e7\u00e3o.<\/p>\n<p>Na Sexta (21), a VII Edi\u00e7\u00e3o do Festival de Quadrilhas reuniu no espa\u00e7o central de eventos a nata dos grupos juninos piauienses. O p\u00fablico acompanhou de perto as apresenta\u00e7\u00f5es das quadrilhas: Junina Papagaios da Terra (Francin\u00f3polis); Junina Tradi\u00e7\u00e3o Nordestina (Barro Duro); Grupo Cultural Amor Junina (Elesb\u00e3o Veloso); Junina Arrai\u00e1 da Princesa (Floriano); Junina Explos\u00e3o Caipira (Picos); Associa\u00e7\u00e3o Cultural Explos\u00e3o Estrelar (Teresina); Grupo Cultural Chamego Bom (Jaic\u00f3s); Junina Asa Branca (Teresina).&nbsp; As apresenta\u00e7\u00f5es foram um show \u00e0 parte e coroaram as atividades do festejo de Francin\u00f3polis.<\/p>\n<p>No s\u00e1bado (22), deu- se continuidade ao momento festivo no espa\u00e7o central de eventos com muitas atra\u00e7\u00f5es subindo no palco para alegria dos Francinopolitanos. Entre as bandas que se apresentaram estava Samyra Show, na qual trouxe grandes sucessos, o p\u00fablico ainda curtiu Ciel Farra e Glaydson Sanfoneiro.<\/p>\n<p>O festival foi um sucesso e contou com a presen\u00e7a do Prefeito Paulo C\u00e9sar Morais, que na ocasi\u00e3o reafirmou compromisso de apoiar e incentivar cada vez mais projetos como esse.<\/p>\n<div class=\"ngg-galleryoverview\" id=\"1\">\n                    <div data-widget=\"Galeria\" data-props=\"{&quot;galeria&quot;:{&quot;max_page&quot;:1,&quot;total&quot;:19,&quot;gallery_id&quot;:1,&quot;images&quot;:[{&quot;thumbcode&quot;:&quot;https:\\\/\\\/portalv1.com.br\\\/app\\\/wp-content\\\/uploads\\\/2023\\\/07\\\/0d0325d8-8169-4b8e-9454-9e2c0584bd92-Copy-400x250.jpg&quot;,&quot;imageURL&quot;:&quot;https:\\\/\\\/portalv1.com.br\\\/app\\\/wp-content\\\/uploads\\\/2023\\\/07\\\/0d0325d8-8169-4b8e-9454-9e2c0584bd92-Copy.jpg&quot;,&quot;pid&quot;:151408,&quot;galleryid&quot;:1,&quot;description&quot;:&quot;&quot;,&quot;alttext&quot;:&quot;Samyra Show, Ciel Farra e Glaydson Sanfoneiro encerram Festival Cultural em Francin\\u00f3polis&quot;,&quot;thumbnailURL&quot;:&quot;https:\\\/\\\/portalv1.com.br\\\/app\\\/wp-content\\\/uploads\\\/2023\\\/07\\\/0d0325d8-8169-4b8e-9454-9e2c0584bd92-Copy-400x250.jpg&quot;,&quot;style&quot;:&quot;&quot;},{&quot;thumbcode&quot;:&quot;https:\\\/\\\/portalv1.com.br\\\/app\\\/wp-content\\\/uploads\\\/2023\\\/07\\\/0daf4f82-5b43-43b2-8d70-ebef4c195f7f-Copy-400x250.jpg&quot;,&quot;imageURL&quot;:&quot;https:\\\/\\\/portalv1.com.br\\\/app\\\/wp-content\\\/uploads\\\/2023\\\/07\\\/0daf4f82-5b43-43b2-8d70-ebef4c195f7f-Copy.jpg&quot;,&quot;pid&quot;:151409,&quot;galleryid&quot;:1,&quot;description&quot;:&quot;&quot;,&quot;alttext&quot;:&quot;Samyra Show, Ciel Farra e Glaydson Sanfoneiro encerram Festival Cultural em Francin\\u00f3polis&quot;,&quot;thumbnailURL&quot;:&quot;https:\\\/\\\/portalv1.com.br\\\/app\\\/wp-content\\\/uploads\\\/2023\\\/07\\\/0daf4f82-5b43-43b2-8d70-ebef4c195f7f-Copy-400x250.jpg&quot;,&quot;style&quot;:&quot;&quot;},{&quot;thumbcode&quot;:&quot;https:\\\/\\\/portalv1.com.br\\\/app\\\/wp-content\\\/uploads\\\/2023\\\/07\\\/01a0515f-57d6-4f42-a063-25ea9d18a71b-Copy-400x250.jpg&quot;,&quot;imageURL&quot;:&quot;https:\\\/\\\/portalv1.com.br\\\/app\\\/wp-content\\\/uploads\\\/2023\\\/07\\\/01a0515f-57d6-4f42-a063-25ea9d18a71b-Copy.jpg&quot;,&quot;pid&quot;:151410,&quot;galleryid&quot;:1,&quot;description&quot;:&quot;&quot;,&quot;alttext&quot;:&quot;Samyra Show, Ciel Farra e Glaydson Sanfoneiro encerram Festival Cultural em Francin\\u00f3polis&quot;,&quot;thumbnailURL&quot;:&quot;https:\\\/\\\/portalv1.com.br\\\/app\\\/wp-content\\\/uploads\\\/2023\\\/07\\\/01a0515f-57d6-4f42-a063-25ea9d18a71b-Copy-400x250.jpg&quot;,&quot;style&quot;:&quot;&quot;},{&quot;thumbcode&quot;:&quot;https:\\\/\\\/portalv1.com.br\\\/app\\\/wp-content\\\/uploads\\\/2023\\\/07\\\/2fc0d3c6-a4cf-4954-b66c-52a061d17d57-Copy-400x250.jpg&quot;,&quot;imageURL&quot;:&quot;https:\\\/\\\/portalv1.com.br\\\/app\\\/wp-content\\\/uploads\\\/2023\\\/07\\\/2fc0d3c6-a4cf-4954-b66c-52a061d17d57-Copy.jpg&quot;,&quot;pid&quot;:151411,&quot;galleryid&quot;:1,&quot;description&quot;:&quot;&quot;,&quot;alttext&quot;:&quot;Samyra Show, Ciel Farra e Glaydson Sanfoneiro encerram Festival Cultural em Francin\\u00f3polis&quot;,&quot;thumbnailURL&quot;:&quot;https:\\\/\\\/portalv1.com.br\\\/app\\\/wp-content\\\/uploads\\\/2023\\\/07\\\/2fc0d3c6-a4cf-4954-b66c-52a061d17d57-Copy-400x250.jpg&quot;,&quot;style&quot;:&quot;&quot;},{&quot;thumbcode&quot;:&quot;https:\\\/\\\/portalv1.com.br\\\/app\\\/wp-content\\\/uploads\\\/2023\\\/07\\\/5a8f59c6-9d0c-4a22-8aa8-a0c868a8d798-Copy-400x250.jpg&quot;,&quot;imageURL&quot;:&quot;https:\\\/\\\/portalv1.com.br\\\/app\\\/wp-content\\\/uploads\\\/2023\\\/07\\\/5a8f59c6-9d0c-4a22-8aa8-a0c868a8d798-Copy.jpg&quot;,&quot;pid&quot;:151412,&quot;galleryid&quot;:1,&quot;description&quot;:&quot;&quot;,&quot;alttext&quot;:&quot;Samyra Show, Ciel Farra e Glaydson Sanfoneiro encerram Festival Cultural em Francin\\u00f3polis&quot;,&quot;thumbnailURL&quot;:&quot;https:\\\/\\\/portalv1.com.br\\\/app\\\/wp-content\\\/uploads\\\/2023\\\/07\\\/5a8f59c6-9d0c-4a22-8aa8-a0c868a8d798-Copy-400x250.jpg&quot;,&quot;style&quot;:&quot;&quot;},{&quot;thumbcode&quot;:&quot;https:\\\/\\\/portalv1.com.br\\\/app\\\/wp-content\\\/uploads\\\/2023\\\/07\\\/7c1f627d-6965-4c9e-a57e-260af9035524-Copy-400x250.jpg&quot;,&quot;imageURL&quot;:&quot;https:\\\/\\\/portalv1.com.br\\\/app\\\/wp-content\\\/uploads\\\/2023\\\/07\\\/7c1f627d-6965-4c9e-a57e-260af9035524-Copy.jpg&quot;,&quot;pid&quot;:151413,&quot;galleryid&quot;:1,&quot;description&quot;:&quot;&quot;,&quot;alttext&quot;:&quot;Samyra Show, Ciel Farra e Glaydson Sanfoneiro encerram Festival Cultural em Francin\\u00f3polis&quot;,&quot;thumbnailURL&quot;:&quot;https:\\\/\\\/portalv1.com.br\\\/app\\\/wp-content\\\/uploads\\\/2023\\\/07\\\/7c1f627d-6965-4c9e-a57e-260af9035524-Copy-400x250.jpg&quot;,&quot;style&quot;:&quot;&quot;},{&quot;thumbcode&quot;:&quot;https:\\\/\\\/portalv1.com.br\\\/app\\\/wp-content\\\/uploads\\\/2023\\\/07\\\/8fc195e3-be9e-47f8-a0d1-bd03113404e1-Copy-400x250.jpg&quot;,&quot;imageURL&quot;:&quot;https:\\\/\\\/portalv1.com.br\\\/app\\\/wp-content\\\/uploads\\\/2023\\\/07\\\/8fc195e3-be9e-47f8-a0d1-bd03113404e1-Copy.jpg&quot;,&quot;pid&quot;:151414,&quot;galleryid&quot;:1,&quot;description&quot;:&quot;&quot;,&quot;alttext&quot;:&quot;Samyra Show, Ciel Farra e Glaydson Sanfoneiro encerram Festival Cultural em Francin\\u00f3polis&quot;,&quot;thumbnailURL&quot;:&quot;https:\\\/\\\/portalv1.com.br\\\/app\\\/wp-content\\\/uploads\\\/2023\\\/07\\\/8fc195e3-be9e-47f8-a0d1-bd03113404e1-Copy-400x250.jpg&quot;,&quot;style&quot;:&quot;&quot;},{&quot;thumbcode&quot;:&quot;https:\\\/\\\/portalv1.com.br\\\/app\\\/wp-content\\\/uploads\\\/2023\\\/07\\\/22ebd9b4-cf99-4fdc-8d94-b3a612a063bf-Copy-400x250.jpg&quot;,&quot;imageURL&quot;:&quot;https:\\\/\\\/portalv1.com.br\\\/app\\\/wp-content\\\/uploads\\\/2023\\\/07\\\/22ebd9b4-cf99-4fdc-8d94-b3a612a063bf-Copy.jpg&quot;,&quot;pid&quot;:151415,&quot;galleryid&quot;:1,&quot;description&quot;:&quot;&quot;,&quot;alttext&quot;:&quot;Samyra Show, Ciel Farra e Glaydson Sanfoneiro encerram Festival Cultural em Francin\\u00f3polis&quot;,&quot;thumbnailURL&quot;:&quot;https:\\\/\\\/portalv1.com.br\\\/app\\\/wp-content\\\/uploads\\\/2023\\\/07\\\/22ebd9b4-cf99-4fdc-8d94-b3a612a063bf-Copy-400x250.jpg&quot;,&quot;style&quot;:&quot;&quot;},{&quot;thumbcode&quot;:&quot;https:\\\/\\\/portalv1.com.br\\\/app\\\/wp-content\\\/uploads\\\/2023\\\/07\\\/8991c546-5a4d-4e3a-af96-e82794b09eb7-Copy-400x250.jpg&quot;,&quot;imageURL&quot;:&quot;https:\\\/\\\/portalv1.com.br\\\/app\\\/wp-content\\\/uploads\\\/2023\\\/07\\\/8991c546-5a4d-4e3a-af96-e82794b09eb7-Copy.jpg&quot;,&quot;pid&quot;:151416,&quot;galleryid&quot;:1,&quot;description&quot;:&quot;&quot;,&quot;alttext&quot;:&quot;Samyra Show, Ciel Farra e Glaydson Sanfoneiro encerram Festival Cultural em Francin\\u00f3polis&quot;,&quot;thumbnailURL&quot;:&quot;https:\\\/\\\/portalv1.com.br\\\/app\\\/wp-content\\\/uploads\\\/2023\\\/07\\\/8991c546-5a4d-4e3a-af96-e82794b09eb7-Copy-400x250.jpg&quot;,&quot;style&quot;:&quot;&quot;},{&quot;thumbcode&quot;:&quot;https:\\\/\\\/portalv1.com.br\\\/app\\\/wp-content\\\/uploads\\\/2023\\\/07\\\/9303da20-4674-4e36-93f1-5c1415dcd553-Copy-400x250.jpg&quot;,&quot;imageURL&quot;:&quot;https:\\\/\\\/portalv1.com.br\\\/app\\\/wp-content\\\/uploads\\\/2023\\\/07\\\/9303da20-4674-4e36-93f1-5c1415dcd553-Copy.jpg&quot;,&quot;pid&quot;:151417,&quot;galleryid&quot;:1,&quot;description&quot;:&quot;&quot;,&quot;alttext&quot;:&quot;Samyra Show, Ciel Farra e Glaydson Sanfoneiro encerram Festival Cultural em Francin\\u00f3polis&quot;,&quot;thumbnailURL&quot;:&quot;https:\\\/\\\/portalv1.com.br\\\/app\\\/wp-content\\\/uploads\\\/2023\\\/07\\\/9303da20-4674-4e36-93f1-5c1415dcd553-Copy-400x250.jpg&quot;,&quot;style&quot;:&quot;&quot;},{&quot;thumbcode&quot;:&quot;https:\\\/\\\/portalv1.com.br\\\/app\\\/wp-content\\\/uploads\\\/2023\\\/07\\\/84484511-8064-4166-82b6-2526b66744cf-Copy-400x250.jpg&quot;,&quot;imageURL&quot;:&quot;https:\\\/\\\/portalv1.com.br\\\/app\\\/wp-content\\\/uploads\\\/2023\\\/07\\\/84484511-8064-4166-82b6-2526b66744cf-Copy.jpg&quot;,&quot;pid&quot;:151418,&quot;galleryid&quot;:1,&quot;description&quot;:&quot;&quot;,&quot;alttext&quot;:&quot;Samyra Show, Ciel Farra e Glaydson Sanfoneiro encerram Festival Cultural em Francin\\u00f3polis&quot;,&quot;thumbnailURL&quot;:&quot;https:\\\/\\\/portalv1.com.br\\\/app\\\/wp-content\\\/uploads\\\/2023\\\/07\\\/84484511-8064-4166-82b6-2526b66744cf-Copy-400x250.jpg&quot;,&quot;style&quot;:&quot;&quot;},{&quot;thumbcode&quot;:&quot;https:\\\/\\\/portalv1.com.br\\\/app\\\/wp-content\\\/uploads\\\/2023\\\/07\\\/a40e7aae-7680-4d55-ab2e-f65c38e62020-Copy-400x250.jpg&quot;,&quot;imageURL&quot;:&quot;https:\\\/\\\/portalv1.com.br\\\/app\\\/wp-content\\\/uploads\\\/2023\\\/07\\\/a40e7aae-7680-4d55-ab2e-f65c38e62020-Copy.jpg&quot;,&quot;pid&quot;:151419,&quot;galleryid&quot;:1,&quot;description&quot;:&quot;&quot;,&quot;alttext&quot;:&quot;Samyra Show, Ciel Farra e Glaydson Sanfoneiro encerram Festival Cultural em Francin\\u00f3polis&quot;,&quot;thumbnailURL&quot;:&quot;https:\\\/\\\/portalv1.com.br\\\/app\\\/wp-content\\\/uploads\\\/2023\\\/07\\\/a40e7aae-7680-4d55-ab2e-f65c38e62020-Copy-400x250.jpg&quot;,&quot;style&quot;:&quot;&quot;},{&quot;thumbcode&quot;:&quot;https:\\\/\\\/portalv1.com.br\\\/app\\\/wp-content\\\/uploads\\\/2023\\\/07\\\/b29ea554-c85b-4d92-bc56-a212dc678441-Copy-400x250.jpg&quot;,&quot;imageURL&quot;:&quot;https:\\\/\\\/portalv1.com.br\\\/app\\\/wp-content\\\/uploads\\\/2023\\\/07\\\/b29ea554-c85b-4d92-bc56-a212dc678441-Copy.jpg&quot;,&quot;pid&quot;:151420,&quot;galleryid&quot;:1,&quot;description&quot;:&quot;&quot;,&quot;alttext&quot;:&quot;Samyra Show, Ciel Farra e Glaydson Sanfoneiro encerram Festival Cultural em Francin\\u00f3polis&quot;,&quot;thumbnailURL&quot;:&quot;https:\\\/\\\/portalv1.com.br\\\/app\\\/wp-content\\\/uploads\\\/2023\\\/07\\\/b29ea554-c85b-4d92-bc56-a212dc678441-Copy-400x250.jpg&quot;,&quot;style&quot;:&quot;&quot;},{&quot;thumbcode&quot;:&quot;https:\\\/\\\/portalv1.com.br\\\/app\\\/wp-content\\\/uploads\\\/2023\\\/07\\\/bf63efaa-b553-47b2-b589-255bf7fd3632-Copy-400x250.jpg&quot;,&quot;imageURL&quot;:&quot;https:\\\/\\\/portalv1.com.br\\\/app\\\/wp-content\\\/uploads\\\/2023\\\/07\\\/bf63efaa-b553-47b2-b589-255bf7fd3632-Copy.jpg&quot;,&quot;pid&quot;:151421,&quot;galleryid&quot;:1,&quot;description&quot;:&quot;&quot;,&quot;alttext&quot;:&quot;Samyra Show, Ciel Farra e Glaydson Sanfoneiro encerram Festival Cultural em Francin\\u00f3polis&quot;,&quot;thumbnailURL&quot;:&quot;https:\\\/\\\/portalv1.com.br\\\/app\\\/wp-content\\\/uploads\\\/2023\\\/07\\\/bf63efaa-b553-47b2-b589-255bf7fd3632-Copy-400x250.jpg&quot;,&quot;style&quot;:&quot;&quot;},{&quot;thumbcode&quot;:&quot;https:\\\/\\\/portalv1.com.br\\\/app\\\/wp-content\\\/uploads\\\/2023\\\/07\\\/c5dac419-5270-479f-b78d-21113d11c499-Copy-400x250.jpg&quot;,&quot;imageURL&quot;:&quot;https:\\\/\\\/portalv1.com.br\\\/app\\\/wp-content\\\/uploads\\\/2023\\\/07\\\/c5dac419-5270-479f-b78d-21113d11c499-Copy.jpg&quot;,&quot;pid&quot;:151422,&quot;galleryid&quot;:1,&quot;description&quot;:&quot;&quot;,&quot;alttext&quot;:&quot;Samyra Show, Ciel Farra e Glaydson Sanfoneiro encerram Festival Cultural em Francin\\u00f3polis&quot;,&quot;thumbnailURL&quot;:&quot;https:\\\/\\\/portalv1.com.br\\\/app\\\/wp-content\\\/uploads\\\/2023\\\/07\\\/c5dac419-5270-479f-b78d-21113d11c499-Copy-400x250.jpg&quot;,&quot;style&quot;:&quot;&quot;},{&quot;thumbcode&quot;:&quot;https:\\\/\\\/portalv1.com.br\\\/app\\\/wp-content\\\/uploads\\\/2023\\\/07\\\/d72bfd3d-76e9-43cb-a385-db5165b58de8-Copy-400x250.jpg&quot;,&quot;imageURL&quot;:&quot;https:\\\/\\\/portalv1.com.br\\\/app\\\/wp-content\\\/uploads\\\/2023\\\/07\\\/d72bfd3d-76e9-43cb-a385-db5165b58de8-Copy.jpg&quot;,&quot;pid&quot;:151423,&quot;galleryid&quot;:1,&quot;description&quot;:&quot;&quot;,&quot;alttext&quot;:&quot;Samyra Show, Ciel Farra e Glaydson Sanfoneiro encerram Festival Cultural em Francin\\u00f3polis&quot;,&quot;thumbnailURL&quot;:&quot;https:\\\/\\\/portalv1.com.br\\\/app\\\/wp-content\\\/uploads\\\/2023\\\/07\\\/d72bfd3d-76e9-43cb-a385-db5165b58de8-Copy-400x250.jpg&quot;,&quot;style&quot;:&quot;&quot;},{&quot;thumbcode&quot;:&quot;https:\\\/\\\/portalv1.com.br\\\/app\\\/wp-content\\\/uploads\\\/2023\\\/07\\\/e2e77951-ebc7-4f96-8f25-77d518a461d5-Copy-400x250.jpg&quot;,&quot;imageURL&quot;:&quot;https:\\\/\\\/portalv1.com.br\\\/app\\\/wp-content\\\/uploads\\\/2023\\\/07\\\/e2e77951-ebc7-4f96-8f25-77d518a461d5-Copy.jpg&quot;,&quot;pid&quot;:151424,&quot;galleryid&quot;:1,&quot;description&quot;:&quot;&quot;,&quot;alttext&quot;:&quot;Samyra Show, Ciel Farra e Glaydson Sanfoneiro encerram Festival Cultural em Francin\\u00f3polis&quot;,&quot;thumbnailURL&quot;:&quot;https:\\\/\\\/portalv1.com.br\\\/app\\\/wp-content\\\/uploads\\\/2023\\\/07\\\/e2e77951-ebc7-4f96-8f25-77d518a461d5-Copy-400x250.jpg&quot;,&quot;style&quot;:&quot;&quot;},{&quot;thumbcode&quot;:&quot;https:\\\/\\\/portalv1.com.br\\\/app\\\/wp-content\\\/uploads\\\/2023\\\/07\\\/e832bc5a-03fe-4004-9741-eef25ca52f98-Copy-400x250.jpg&quot;,&quot;imageURL&quot;:&quot;https:\\\/\\\/portalv1.com.br\\\/app\\\/wp-content\\\/uploads\\\/2023\\\/07\\\/e832bc5a-03fe-4004-9741-eef25ca52f98-Copy.jpg&quot;,&quot;pid&quot;:151425,&quot;galleryid&quot;:1,&quot;description&quot;:&quot;&quot;,&quot;alttext&quot;:&quot;Samyra Show, Ciel Farra e Glaydson Sanfoneiro encerram Festival Cultural em Francin\\u00f3polis&quot;,&quot;thumbnailURL&quot;:&quot;https:\\\/\\\/portalv1.com.br\\\/app\\\/wp-content\\\/uploads\\\/2023\\\/07\\\/e832bc5a-03fe-4004-9741-eef25ca52f98-Copy-400x250.jpg&quot;,&quot;style&quot;:&quot;&quot;},{&quot;thumbcode&quot;:&quot;https:\\\/\\\/portalv1.com.br\\\/app\\\/wp-content\\\/uploads\\\/2023\\\/07\\\/ff21ac7f-cc82-43c1-8b0b-c31aa3a9ddda-Copy-400x250.jpg&quot;,&quot;imageURL&quot;:&quot;https:\\\/\\\/portalv1.com.br\\\/app\\\/wp-content\\\/uploads\\\/2023\\\/07\\\/ff21ac7f-cc82-43c1-8b0b-c31aa3a9ddda-Copy.jpg&quot;,&quot;pid&quot;:151426,&quot;galleryid&quot;:1,&quot;description&quot;:&quot;&quot;,&quot;alttext&quot;:&quot;Samyra Show, Ciel Farra e Glaydson Sanfoneiro encerram Festival Cultural em Francin\\u00f3polis&quot;,&quot;thumbnailURL&quot;:&quot;https:\\\/\\\/portalv1.com.br\\\/app\\\/wp-content\\\/uploads\\\/2023\\\/07\\\/ff21ac7f-cc82-43c1-8b0b-c31aa3a9ddda-Copy-400x250.jpg&quot;,&quot;style&quot;:&quot;&quot;}]}}\"><\/div>\n                  <\/div>\n","protected":false},"excerpt":{"rendered":"<p>A Prefeitura de Francin\u00f3polis fechou com chave de ouro os tr\u00eas dias de atividades culturais e art\u00edsticas do munic\u00edpio. Na quinta-feira (20) aconteceu o Arrai\u00e1 Social com apresenta\u00e7\u00f5es art\u00edsticas das&#8230;<\/p>\n","protected":false},"author":1,"featured_media":151426,"comment_status":"open","ping_status":"open","sticky":false,"template":"","format":"standard","meta":{"ngg_post_thumbnail":0,"footnotes":""},"categories":[243],"tags":[],"class_list":["post-151407","post","type-post","status-publish","format-standard","has-post-thumbnail","hentry","category-geral"],"views":215,"meta_data":{"thumb":"https:\/\/portalv1.com.br\/app\/wp-content\/uploads\/2023\/07\/ff21ac7f-cc82-43c1-8b0b-c31aa3a9ddda-Copy.jpg","imagem":{"fullsize":{"url":"https:\/\/portalv1.com.br\/app\/wp-content\/uploads\/2023\/07\/ff21ac7f-cc82-43c1-8b0b-c31aa3a9ddda-Copy.jpg","width":1600,"height":1200},"medium":{"url":"https:\/\/portalv1.com.br\/app\/wp-content\/uploads\/2023\/07\/ff21ac7f-cc82-43c1-8b0b-c31aa3a9ddda-Copy-300x225.jpg","width":300,"height":225},"large":{"url":"https:\/\/portalv1.com.br\/app\/wp-content\/uploads\/2023\/07\/ff21ac7f-cc82-43c1-8b0b-c31aa3a9ddda-Copy-640x480.jpg","width":640,"height":480},"thumbnail":{"url":"https:\/\/portalv1.com.br\/app\/wp-content\/uploads\/2023\/07\/ff21ac7f-cc82-43c1-8b0b-c31aa3a9ddda-Copy-100x100.jpg","width":100,"height":100},"medium_large":{"url":"https:\/\/portalv1.com.br\/app\/wp-content\/uploads\/2023\/07\/ff21ac7f-cc82-43c1-8b0b-c31aa3a9ddda-Copy-768x576.jpg","width":768,"height":576},"1536x1536":{"url":"https:\/\/portalv1.com.br\/app\/wp-content\/uploads\/2023\/07\/ff21ac7f-cc82-43c1-8b0b-c31aa3a9ddda-Copy-1536x1152.jpg","width":1536,"height":1152}},"data":{"simple":"25\/07\/2023","date_time":"25\/07\/2023 08:32:14","date":"h\u00e1 3 anos"},"chapeu":"Veja como foi ","source":"m_destacada"},"_links":{"self":[{"href":"https:\/\/portalv1.com.br\/api\/wp\/v2\/posts\/151407","targetHints":{"allow":["GET"]}}],"collection":[{"href":"https:\/\/portalv1.com.br\/api\/wp\/v2\/posts"}],"about":[{"href":"https:\/\/portalv1.com.br\/api\/wp\/v2\/types\/post"}],"author":[{"embeddable":true,"href":"https:\/\/portalv1.com.br\/api\/wp\/v2\/users\/1"}],"replies":[{"embeddable":true,"href":"https:\/\/portalv1.com.br\/api\/wp\/v2\/comments?post=151407"}],"version-history":[{"count":0,"href":"https:\/\/portalv1.com.br\/api\/wp\/v2\/posts\/151407\/revisions"}],"wp:featuredmedia":[{"embeddable":true,"href":"https:\/\/portalv1.com.br\/api\/wp\/v2\/media\/151426"}],"wp:attachment":[{"href":"https:\/\/portalv1.com.br\/api\/wp\/v2\/media?parent=151407"}],"wp:term":[{"taxonomy":"category","embeddable":true,"href":"https:\/\/portalv1.com.br\/api\/wp\/v2\/categories?post=151407"},{"taxonomy":"post_tag","embeddable":true,"href":"https:\/\/portalv1.com.br\/api\/wp\/v2\/tags?post=151407"}],"curies":[{"name":"wp","href":"https:\/\/api.w.org\/{rel}","templated":true}]}}