{"id":15142,"date":"2013-03-05T10:06:14","date_gmt":"2013-03-05T13:06:14","guid":{"rendered":"https:\/\/portalv1.com.br\/?p=15142"},"modified":"2013-03-07T16:15:05","modified_gmt":"2013-03-07T19:15:05","slug":"dia-internacional-da-mulher-sera-comemorado-em-valenca-programacao","status":"publish","type":"post","link":"https:\/\/portalv1.com.br\/dia-internacional-da-mulher-sera-comemorado-em-valenca-programacao\/","title":{"rendered":"Dia Internacional da Mulher ser\u00e1 comemorado em Valen\u00e7a. Programa\u00e7\u00e3o"},"content":{"rendered":"<figure id=\"attachment_15143\" aria-describedby=\"caption-attachment-15143\" style=\"width: 300px\" class=\"wp-caption alignright\"><a href=\"https:\/\/portalv1.com.br\/app\/wp-content\/uploads\/2013\/03\/mauricelia.jpg\"><img loading=\"lazy\" decoding=\"async\" class=\"size-medium wp-image-15143\" alt=\"Presidenta do Conselho da Mulher Mauricelia Sousa     \" src=\"https:\/\/portalv1.com.br\/app\/wp-content\/uploads\/2013\/03\/mauricelia-300x224.jpg\" width=\"300\" height=\"224\" srcset=\"https:\/\/portalv1.com.br\/app\/wp-content\/uploads\/2013\/03\/mauricelia-300x224.jpg 300w, https:\/\/portalv1.com.br\/app\/wp-content\/uploads\/2013\/03\/mauricelia.jpg 640w\" sizes=\"auto, (max-width: 300px) 100vw, 300px\" \/><\/a><figcaption id=\"caption-attachment-15143\" class=\"wp-caption-text\">Presidenta do Conselho da Mulher Mauricelia Sousa<\/figcaption><\/figure>\n<p>C\u00e2mara de Vereadores de Valen\u00e7a ir\u00e1 realizar nesta sexta-feira, 08 de mar\u00e7o uma sess\u00e3o solene em homenagem ao Dia Internacional da Mulher. A informa\u00e7\u00e3o foi repassada pela presidenta Ielva Mel\u00e3o no final da sess\u00e3o desta segunda-feira (04). A sess\u00e3o \u00e9 fruto de uma indica\u00e7\u00e3o do ex-vereador Gabriel Rodrigues que obriga a c\u00e2mara a se reunir para comemorar e mais do que isso chamar a aten\u00e7\u00e3o para as desigualdades ainda registradas contra o sexo fr\u00e1gil.<\/p>\n<p>Em Valen\u00e7a a programa\u00e7\u00e3o em homenagem ao Dia Internacional da Mulher come\u00e7ar\u00e1 logo pela manha \u00e0s 09h com a realiza\u00e7\u00e3o de uma palestra com os oper\u00e1rios do Instituto Federal. \u00c0s 15h outra palestra no SENAC. \u00c0s 17h haver\u00e1 uma caminhada com o tema Homens no Combate a Viol\u00eancia Contra a Mulher e \u00e0s 19h os participantes da caminhada assistem a sess\u00e3o solene na C\u00e2mara Municipal. A realiza\u00e7\u00e3o do evento \u00e9 do CEPAVA, Casa Renascer com o apoio do SENAC.<\/p>\n","protected":false},"excerpt":{"rendered":"<p>C\u00e2mara de Vereadores de Valen\u00e7a ir\u00e1 realizar nesta sexta-feira, 08 de mar\u00e7o uma sess\u00e3o solene em homenagem ao Dia Internacional da Mulher. A informa\u00e7\u00e3o foi repassada pela presidenta Ielva Mel\u00e3o&#8230;<\/p>\n","protected":false},"author":1,"featured_media":0,"comment_status":"open","ping_status":"open","sticky":false,"template":"","format":"standard","meta":{"ngg_post_thumbnail":0,"footnotes":""},"categories":[12],"tags":[],"class_list":["post-15142","post","type-post","status-publish","format-standard","hentry","category-valenca-news"],"views":486,"meta_data":{"thumb":"https:\/\/portalv1.com.br\/app\/wp-content\/uploads\/2013\/03\/mauricelia.jpg","data":{"simple":"05\/03\/2013","date_time":"05\/03\/2013 07:06:14","date":"h\u00e1 13 anos"},"chapeu":"Mulher Valenciana ","source":"foto_menor"},"_links":{"self":[{"href":"https:\/\/portalv1.com.br\/api\/wp\/v2\/posts\/15142","targetHints":{"allow":["GET"]}}],"collection":[{"href":"https:\/\/portalv1.com.br\/api\/wp\/v2\/posts"}],"about":[{"href":"https:\/\/portalv1.com.br\/api\/wp\/v2\/types\/post"}],"author":[{"embeddable":true,"href":"https:\/\/portalv1.com.br\/api\/wp\/v2\/users\/1"}],"replies":[{"embeddable":true,"href":"https:\/\/portalv1.com.br\/api\/wp\/v2\/comments?post=15142"}],"version-history":[{"count":0,"href":"https:\/\/portalv1.com.br\/api\/wp\/v2\/posts\/15142\/revisions"}],"wp:attachment":[{"href":"https:\/\/portalv1.com.br\/api\/wp\/v2\/media?parent=15142"}],"wp:term":[{"taxonomy":"category","embeddable":true,"href":"https:\/\/portalv1.com.br\/api\/wp\/v2\/categories?post=15142"},{"taxonomy":"post_tag","embeddable":true,"href":"https:\/\/portalv1.com.br\/api\/wp\/v2\/tags?post=15142"}],"curies":[{"name":"wp","href":"https:\/\/api.w.org\/{rel}","templated":true}]}}