{"id":151748,"date":"2023-07-31T13:03:41","date_gmt":"2023-07-31T16:03:41","guid":{"rendered":"https:\/\/portalv1.com.br\/?p=151748"},"modified":"2023-07-31T13:07:29","modified_gmt":"2023-07-31T16:07:29","slug":"festejo-do-divino-espirito-santo-segue-ate-esse-sabado-na-comunidade-iningas","status":"publish","type":"post","link":"https:\/\/portalv1.com.br\/festejo-do-divino-espirito-santo-segue-ate-esse-sabado-na-comunidade-iningas\/","title":{"rendered":"Festejo do Divino Espirito Santo segue at\u00e9 esse s\u00e1bado na comunidade Iningas"},"content":{"rendered":"<p>Os festejos em homenagem ao Divino Espirito Santo das comunidades Iningas, Campos e Sanhar\u00f3, continuam sendo celebrados por toda essa semana. As celebra\u00e7\u00f5es tiveram inicio dia 27 de julho e seguem at\u00e9 o pr\u00f3ximo s\u00e1bado, 5 de agosto com celebra\u00e7\u00f5es todas as noites, seguida de quermesse na comunidade Iningas.<\/p>\n<p><strong>Veja a programa\u00e7\u00e3o <\/strong><\/p>\n<p><strong>Dia 31 de Julho (Segunda Feira)<\/strong> \u2013 19hs Celebra\u00e7\u00e3o com<\/p>\n<p>Di\u00e1cono Francisco.<\/p>\n<p>Tema: Dom da Piedade<\/p>\n<p>\u201cA respeito dos dons espirituais, irm\u00e3os, n\u00e3o quero que voc\u00eas permane\u00e7am na ignor\u00e2ncia. Voc\u00eas bem sabem que, quando voc\u00eas eram pag\u00e3os, eram facilmente atra\u00eddos para \u00eddolos mudos. Por isso eu lhes declaro: todo aquele que \u00e9 agora conduzido pelo Esp\u00edrito de Deus n\u00e3o pode blasfemar contra Jesus\u201d (1Cor 12,1-3). Convidados: Comunidade Ponta D\u2019\u00e1gua, Jo\u00e3o Pires, Tranqueira e Dizimistas.<\/p>\n<p><strong>Dia 01 de Agosto (Ter\u00e7a Feira) <\/strong>\u2013 19hs Celebra\u00e7\u00e3o com<\/p>\n<p>Di\u00e1cono Evandro.<\/p>\n<p>Tema: Dom da Fortaleza<\/p>\n<p>\u201cNada temas ante o que h\u00e1s de sofrer. Por estes dias o dem\u00f4nio vai lan\u00e7ar alguns de v\u00f3s na pris\u00e3o, para p\u00f4r-vos \u00e0 prova. Tereis tribula\u00e7\u00f5es durante algum tempo. S\u00ea fiel at\u00e9 a morte, e te darei a coroa da vida\u201d (Ap 2,10). Convidados: Comunidades; Pai Pedro, Palmeirinha e Fumal.<\/p>\n<p><strong>Dia 02 de Agosto (Quarta feira)<\/strong> \u2013 19hs Celebra\u00e7\u00e3o com o<\/p>\n<p>Ter\u00e7o dos Homens de Novo Oriente.<\/p>\n<p>Tema: Dom do Temor de Deus<\/p>\n<p>\u201cSobre Ele repousar\u00e1 o Esp\u00edrito do Senhor, Esp\u00edrito de sabedoria e de entendimento. Esp\u00edrito de prud\u00eancia e de coragem, Esp\u00edrito de ci\u00eancia e de temor do Senhor\u201d (Is 11,2). Convidados: Comunidades: Bairro Gil marques e Bairro Dirceu Novo Oriente, Aparecida e Alegres II e Barro Vermelho.<\/p>\n<p><strong>Dia 03 de Agosto (Quinta Feira)<\/strong> \u2013 19hs Celebra\u00e7\u00e3o com<\/p>\n<p>Luzenir Ribeiro do Buritizal.<\/p>\n<p>Tema: Os Frutos do Espirito Santo; Amor, Alegria e Paz<\/p>\n<p>Convidados: Comunidades Buritizal e Vereda Comprida.<\/p>\n<p><strong>Dia 04 de Agosto (Sexta Feira) \u2013 19hs<\/strong> Celebra\u00e7\u00e3o com EJC, Catequistas e catequisando.<\/p>\n<p>Tema: Os Frutos do Espirito Santo; Longanimidade,<\/p>\n<p>Benignidade e Bondade. Convidados: Comunidades Santa Rosa, Areias e Apraz\u00edvel, e Prefeitura Municipal de Valen\u00e7a.<\/p>\n<p><strong>Dia 05 de Agosto (S\u00e1bado) \u2013<\/strong> 19hs Missa de Encerramento<\/p>\n<p>com Padre Wanderley.<\/p>\n<p>Tema: Os Frutos do Espirito Santo; Fidelidade, Mansid\u00e3o e<\/p>\n<p>Dom\u00ednio pr\u00f3prio Convidados: Secretaria de Sa\u00fade e Todo Povo de Deus<\/p>\n<p><a href=\"https:\/\/portalv1.com.br\/app\/wp-content\/uploads\/2023\/07\/CONVITE-dos-Festejos-2023-2.pdf\">Acesse o convite <\/a><\/p>\n","protected":false},"excerpt":{"rendered":"<p>Os festejos em homenagem ao Divino Espirito Santo das comunidades Iningas, Campos e Sanhar\u00f3, continuam sendo celebrados por toda essa semana. As celebra\u00e7\u00f5es tiveram inicio dia 27 de julho e&#8230;<\/p>\n","protected":false},"author":1,"featured_media":151751,"comment_status":"open","ping_status":"open","sticky":false,"template":"","format":"standard","meta":{"ngg_post_thumbnail":0,"footnotes":""},"categories":[243],"tags":[],"class_list":["post-151748","post","type-post","status-publish","format-standard","has-post-thumbnail","hentry","category-geral"],"views":434,"meta_data":{"thumb":"https:\/\/portalv1.com.br\/app\/wp-content\/uploads\/2023\/07\/dois.jpeg","imagem":{"fullsize":{"url":"https:\/\/portalv1.com.br\/app\/wp-content\/uploads\/2023\/07\/dois.jpeg","width":755,"height":555},"medium":{"url":"https:\/\/portalv1.com.br\/app\/wp-content\/uploads\/2023\/07\/dois-300x221.jpeg","width":300,"height":221},"large":{"url":"https:\/\/portalv1.com.br\/app\/wp-content\/uploads\/2023\/07\/dois-640x470.jpeg","width":640,"height":470},"thumbnail":{"url":"https:\/\/portalv1.com.br\/app\/wp-content\/uploads\/2023\/07\/dois-100x100.jpeg","width":100,"height":100}},"data":{"simple":"31\/07\/2023","date_time":"31\/07\/2023 10:03:41","date":"h\u00e1 3 anos"},"chapeu":"Confira a programa\u00e7\u00e3o ","source":"slide"},"_links":{"self":[{"href":"https:\/\/portalv1.com.br\/api\/wp\/v2\/posts\/151748","targetHints":{"allow":["GET"]}}],"collection":[{"href":"https:\/\/portalv1.com.br\/api\/wp\/v2\/posts"}],"about":[{"href":"https:\/\/portalv1.com.br\/api\/wp\/v2\/types\/post"}],"author":[{"embeddable":true,"href":"https:\/\/portalv1.com.br\/api\/wp\/v2\/users\/1"}],"replies":[{"embeddable":true,"href":"https:\/\/portalv1.com.br\/api\/wp\/v2\/comments?post=151748"}],"version-history":[{"count":0,"href":"https:\/\/portalv1.com.br\/api\/wp\/v2\/posts\/151748\/revisions"}],"wp:featuredmedia":[{"embeddable":true,"href":"https:\/\/portalv1.com.br\/api\/wp\/v2\/media\/151751"}],"wp:attachment":[{"href":"https:\/\/portalv1.com.br\/api\/wp\/v2\/media?parent=151748"}],"wp:term":[{"taxonomy":"category","embeddable":true,"href":"https:\/\/portalv1.com.br\/api\/wp\/v2\/categories?post=151748"},{"taxonomy":"post_tag","embeddable":true,"href":"https:\/\/portalv1.com.br\/api\/wp\/v2\/tags?post=151748"}],"curies":[{"name":"wp","href":"https:\/\/api.w.org\/{rel}","templated":true}]}}