{"id":15228,"date":"2013-03-13T16:55:50","date_gmt":"2013-03-13T19:55:50","guid":{"rendered":"https:\/\/portalv1.com.br\/?p=15228"},"modified":"2013-03-14T16:34:35","modified_gmt":"2013-03-14T19:34:35","slug":"cardeais-elegem-argentino-papa-e-o-primeiro-latino-americano-fotos","status":"publish","type":"post","link":"https:\/\/portalv1.com.br\/cardeais-elegem-argentino-papa-e-o-primeiro-latino-americano-fotos\/","title":{"rendered":"Cardeais elegem argentino papa; \u00e9 o primeiro latino-americano. Fotos"},"content":{"rendered":"<figure id=\"attachment_15230\" aria-describedby=\"caption-attachment-15230\" style=\"width: 300px\" class=\"wp-caption alignright\"><a href=\"https:\/\/portalv1.com.br\/app\/wp-content\/uploads\/2013\/03\/01.jpeg\"><img loading=\"lazy\" decoding=\"async\" class=\" wp-image-15230 \" alt=\"Papa Francisco\" src=\"https:\/\/portalv1.com.br\/app\/wp-content\/uploads\/2013\/03\/01.jpeg\" width=\"300\" height=\"225\" \/><\/a><figcaption id=\"caption-attachment-15230\" class=\"wp-caption-text\">Papa Francisco<\/figcaption><\/figure>\n<p>O cardeal argentino Jorge Mario Bergoglio, 76, arcebispo de Buenos Aires, \u00e9 o primeiro papa latino-americano da hist\u00f3ria. \u00c9 tamb\u00e9m a primeira vez que o cargo \u00e9 entregue a um membro da Sociedade de Jesus.<\/p>\n<p>Ele obteve ao menos 77 votos dos 155 cardeais de todo o mundo que participam desde ter\u00e7a-feira (12) do conclave, na Capela Sistina, no Vaticano.<\/p>\n<p>Conforme a tradi\u00e7\u00e3o, o resultado foi anunciado por meio da emiss\u00e3o de uma fuma\u00e7a artificialmente colorida de branco, pela chamin\u00e9 da Capela Sistina. Nos dias anteriores, quando os escrut\u00ednios terminaram sem um consenso, a fuma\u00e7a expelida era de colora\u00e7\u00e3o preta. O resultado foi confirmado pelo som dos sinos da Bas\u00edlica de S\u00e3o Pedro.<\/p>\n<p>No cargo, ele sucede Bento 16, que renunciou no dia 11 de fevereiro, em uma atitude in\u00e9dita em quase 600 anos.<\/p>\n<p>Na Argentina, Bergoglio \u00e9 conhecido pelo conservadorismo e pela batalha contra o kirchnerismo. O prelado tamb\u00e9m \u00e9 reconhecido por ser um intenso defensor da ajuda aos pobres. O argentino costuma apoiar programas sociais e desafiar publicamente pol\u00edticas de livre mercado.<\/p>\n<p>Embora se mostre preocupado com a popula\u00e7\u00e3o de baixa renda, o papa n\u00e3o \u00e9 adepto da Teologia da Liberta\u00e7\u00e3o, corrente prestigiada na Igreja brasileira que, com base em ideias marxistas, defende que o clero atue prioritariamente servindo os mais pobres.<\/p>\n<p>O conservadorismo do novo papa \u00e9 conhecido por declara\u00e7\u00f5es contra o aborto e a eutan\u00e1sia. Al\u00e9m disso, embora ressalte que homossexuais merecem respeito, Bergoglio \u00e9 contra o casamento gay.<\/p>\n<p><b>PERFIL<\/b><\/p>\n<p>O jesu\u00edta nasceu na capital argentina e, depois de cursar o semin\u00e1rio no bairro Villa Devoto, entrou para a Sociedade de Jesus, aos 19 anos, em 1958. Foi ordenado padre pelos jesu\u00edtas um ano depois, quando estudava teologia e filosofia na Faculdade de San Miguel.<\/p>\n<p>De 1973 a 1979, Bergoglio foi provinciano pela Argentina e a partir de 1980, reitor da faculdade de San Miguel, cargo que ocupou por seis anos. O papa obteve o t\u00edtulo de doutor na Alemanha.<\/p>\n<p>Em 1992, foi nomeado bispo e elevado a arcebispo em 1997, passando a chefiar a arquidiocese de Buenos Aires desde ent\u00e3o. O argentino ingressou no Col\u00e9gio de Cardeais em 2001.<\/p>\n<p>Na Santa S\u00e9, participava de diversos dicast\u00e9rios: era membro da Congrega\u00e7\u00e3o para o Culto Divino e para a Disciplina dos Sacramentos, da Congrega\u00e7\u00e3o para o Clero e da Congrega\u00e7\u00e3o para os Institutos da Vida Consagrada e das Sociedades da Vida Apost\u00f3lica, al\u00e9m do Conselho Pontif\u00edcio para a Fam\u00edlia e da Comiss\u00e3o Pontif\u00edcia para a a Am\u00e9rica Latina.<\/p>\n<p>Ele era considerado &#8220;pap\u00e1vel&#8221; desde o conclave que elegeu o alem\u00e3o Bento 16 para suceder o polon\u00eas Jo\u00e3o Paulo 2\u00ba, em 2005. Com a ren\u00fancia do primeiro, o nome do arcebispo de Buenos Aires voltou a ficar entre os mais cotados ao posto de papa.<\/p>\n<p>Em 2010, quando a modalidade foi permitida pela legisla\u00e7\u00e3o argentina, o ent\u00e3o arcebispo de Buenos Aires, que tamb\u00e9m disse que a ado\u00e7\u00e3o de uma crian\u00e7a por um casal gay \u00e9 uma forma de discrimina\u00e7\u00e3o ao jovem, entrou em confronto com o governo de Cristina Kirchner. A presidente argentina, por sua vez, replicou dizendo que a posi\u00e7\u00e3o da Igreja evocava a \u00e9poca medieval.<\/p>\n<p><b>CONCLAVE<\/b><\/p>\n<p>Durante o conclave, os cardeais permanecem em absoluto isolamento, impedidos de vazar informa\u00e7\u00f5es sobre as vota\u00e7\u00f5es, sob pena de excomunh\u00e3o. Eles foram vistos pela \u00faltima vez na ter\u00e7a-feira, quando fizeram uma prociss\u00e3o rumo \u00e0 Capela Sistina e deram in\u00edcio aos trabalhos.<\/p>\n<p>Neste per\u00edodo, os cardeais ficam hospedados na Casa de Santa Marta, dentro do Vaticano. L\u00e1, os quartos s\u00e3o sorteados, para que ningu\u00e9m possa escolher seu vizinho, e n\u00e3o h\u00e1 telefone ou internet dispon\u00edveis.<\/p>\n<p>Em 2005, o cardeal Joseph Ratzinger foi escolhido como papa em tr\u00eas dias de vota\u00e7\u00e3o.<\/p>\n<p>Fonte: Folha<\/p>\n<p><strong><div class=\"ngg-galleryoverview\" data-widget=\"Galeria\" data-props='{&quot;galeria&quot;:{&quot;gallery_id&quot;:1093,&quot;total&quot;:3,&quot;max_page&quot;:1,&quot;page&quot;:1,&quot;images&quot;:[{&quot;pid&quot;:20472,&quot;imageURL&quot;:&quot;https:\\\/\\\/portalv1.com.br\\\/app\\\/wp-content\\\/gallery\\\/papa\\\/01.jpg?t=1763393280&quot;,&quot;thumbnailURL&quot;:&quot;https:\\\/\\\/portalv1.com.br\\\/app\\\/wp-content\\\/gallery\\\/papa\\\/thumbs\\\/thumbs_01.jpg?t=1763393280&quot;,&quot;description&quot;:&quot; &quot;,&quot;alttext&quot;:&quot;01&quot;,&quot;style&quot;:&quot;&quot;},{&quot;pid&quot;:20473,&quot;imageURL&quot;:&quot;https:\\\/\\\/portalv1.com.br\\\/app\\\/wp-content\\\/gallery\\\/papa\\\/02.jpg?t=1763393275&quot;,&quot;thumbnailURL&quot;:&quot;https:\\\/\\\/portalv1.com.br\\\/app\\\/wp-content\\\/gallery\\\/papa\\\/thumbs\\\/thumbs_02.jpg?t=1763393275&quot;,&quot;description&quot;:&quot; &quot;,&quot;alttext&quot;:&quot;02&quot;,&quot;style&quot;:&quot;&quot;},{&quot;pid&quot;:20474,&quot;imageURL&quot;:&quot;https:\\\/\\\/portalv1.com.br\\\/app\\\/wp-content\\\/gallery\\\/papa\\\/03.jpg?t=1763393270&quot;,&quot;thumbnailURL&quot;:&quot;https:\\\/\\\/portalv1.com.br\\\/app\\\/wp-content\\\/gallery\\\/papa\\\/thumbs\\\/thumbs_03.jpg?t=1763393270&quot;,&quot;description&quot;:&quot; &quot;,&quot;alttext&quot;:&quot;03&quot;,&quot;style&quot;:&quot;&quot;}]}}'><\/div><\/strong>.<\/p>\n","protected":false},"excerpt":{"rendered":"<p>O cardeal argentino Jorge Mario Bergoglio, 76, arcebispo de Buenos Aires, \u00e9 o primeiro papa latino-americano da hist\u00f3ria. \u00c9 tamb\u00e9m a primeira vez que o cargo \u00e9 entregue a um&#8230;<\/p>\n","protected":false},"author":1,"featured_media":0,"comment_status":"open","ping_status":"open","sticky":false,"template":"","format":"standard","meta":{"ngg_post_thumbnail":0,"footnotes":""},"categories":[252],"tags":[],"class_list":["post-15228","post","type-post","status-publish","format-standard","hentry","category-avozdopastor"],"views":445,"meta_data":{"thumb":"https:\/\/portalv1.com.br\/app\/wp-content\/uploads\/2013\/03\/01.jpeg","data":{"simple":"13\/03\/2013","date_time":"13\/03\/2013 13:55:50","date":"h\u00e1 13 anos"},"chapeu":"Jorge Mario Bergoglio","source":"retirar"},"_links":{"self":[{"href":"https:\/\/portalv1.com.br\/api\/wp\/v2\/posts\/15228","targetHints":{"allow":["GET"]}}],"collection":[{"href":"https:\/\/portalv1.com.br\/api\/wp\/v2\/posts"}],"about":[{"href":"https:\/\/portalv1.com.br\/api\/wp\/v2\/types\/post"}],"author":[{"embeddable":true,"href":"https:\/\/portalv1.com.br\/api\/wp\/v2\/users\/1"}],"replies":[{"embeddable":true,"href":"https:\/\/portalv1.com.br\/api\/wp\/v2\/comments?post=15228"}],"version-history":[{"count":0,"href":"https:\/\/portalv1.com.br\/api\/wp\/v2\/posts\/15228\/revisions"}],"wp:attachment":[{"href":"https:\/\/portalv1.com.br\/api\/wp\/v2\/media?parent=15228"}],"wp:term":[{"taxonomy":"category","embeddable":true,"href":"https:\/\/portalv1.com.br\/api\/wp\/v2\/categories?post=15228"},{"taxonomy":"post_tag","embeddable":true,"href":"https:\/\/portalv1.com.br\/api\/wp\/v2\/tags?post=15228"}],"curies":[{"name":"wp","href":"https:\/\/api.w.org\/{rel}","templated":true}]}}