{"id":15233,"date":"2013-03-14T09:21:20","date_gmt":"2013-03-14T12:21:20","guid":{"rendered":"https:\/\/portalv1.com.br\/?p=15233"},"modified":"2013-03-15T10:32:09","modified_gmt":"2013-03-15T13:32:09","slug":"falta-de-professor-no-amando-e-cineas-serao-resolvidos-garante-ceica-dias","status":"publish","type":"post","link":"https:\/\/portalv1.com.br\/falta-de-professor-no-amando-e-cineas-serao-resolvidos-garante-ceica-dias\/","title":{"rendered":"Falta de professor no Amando e Cineas ser\u00e3o resolvidos garante Cei\u00e7a Dias"},"content":{"rendered":"<figure id=\"attachment_15234\" aria-describedby=\"caption-attachment-15234\" style=\"width: 300px\" class=\"wp-caption alignright\"><a href=\"https:\/\/portalv1.com.br\/app\/wp-content\/uploads\/2013\/03\/cei\u00e7a.jpg\"><img loading=\"lazy\" decoding=\"async\" class=\" wp-image-15234 \" alt=\"Secret\u00e1ria de educa\u00e7\u00e3o Cei\u00e7a Dias \" src=\"https:\/\/portalv1.com.br\/app\/wp-content\/uploads\/2013\/03\/cei\u00e7a.jpg\" width=\"300\" height=\"225\" srcset=\"https:\/\/portalv1.com.br\/app\/wp-content\/uploads\/2013\/03\/cei\u00e7a.jpg 400w, https:\/\/portalv1.com.br\/app\/wp-content\/uploads\/2013\/03\/cei\u00e7a-300x225.jpg 300w\" sizes=\"auto, (max-width: 300px) 100vw, 300px\" \/><\/a><figcaption id=\"caption-attachment-15234\" class=\"wp-caption-text\">Secret\u00e1ria de educa\u00e7\u00e3o Cei\u00e7a Dias<\/figcaption><\/figure>\n<p>A secret\u00e1ria de educa\u00e7\u00e3o do munic\u00edpio Cei\u00e7a Dias disse nessa quinta-feira (14), que at\u00e9 a segunda-feira (18), o problema da falta de professores nas unidades escolares Amando Lima e Cineas Veloso denunciadas aqui no Portalv1 estar\u00e1 resolvido. A reclama\u00e7\u00e3o partiu dos pais de alunos, que estavam preocupados com o desfalque no quadro de professores nas duas unidades escolares, uma vez, que o desfalque j\u00e1 ultrapassava os 15 dias.<\/p>\n<p>De acordo com Cei\u00e7a Dias est\u00e1 sendo feita uma equa\u00e7\u00e3o no sentido de resolver o problema das lota\u00e7\u00f5es com o apoio da secretaria de administra\u00e7\u00e3o.<\/p>\n<p>A secret\u00e1ria falou tamb\u00e9m sobre a heran\u00e7a que recebeu da gest\u00e3o anterior, que autorizou o funcionamento da creche do pr\u00f3-inf\u00e2ncia sem que a obra estivesse conclu\u00edda e com isso contraiu uma divida de quatro meses de sal\u00e1rios com as pessoas que foram contratadas indevidamente. Sobre a conclus\u00e3o da obra ela informou que a prefeitura est\u00e1 tentando resolver quest\u00e3o com a construtora e que as aulas s\u00f3 come\u00e7ar\u00e3o ap\u00f3s a conclus\u00e3o da obra.<\/p>\n","protected":false},"excerpt":{"rendered":"<p>A secret\u00e1ria de educa\u00e7\u00e3o do munic\u00edpio Cei\u00e7a Dias disse nessa quinta-feira (14), que at\u00e9 a segunda-feira (18), o problema da falta de professores nas unidades escolares Amando Lima e Cineas&#8230;<\/p>\n","protected":false},"author":1,"featured_media":0,"comment_status":"open","ping_status":"open","sticky":false,"template":"","format":"standard","meta":{"ngg_post_thumbnail":0,"footnotes":""},"categories":[12],"tags":[],"class_list":["post-15233","post","type-post","status-publish","format-standard","hentry","category-valenca-news"],"views":796,"meta_data":{"thumb":"https:\/\/portalv1.com.br\/app\/wp-content\/uploads\/2013\/03\/cei\u00e7a.jpg","data":{"simple":"14\/03\/2013","date_time":"14\/03\/2013 06:21:20","date":"h\u00e1 13 anos"},"chapeu":"15 dias sem aula ","source":"foto_menor"},"_links":{"self":[{"href":"https:\/\/portalv1.com.br\/api\/wp\/v2\/posts\/15233","targetHints":{"allow":["GET"]}}],"collection":[{"href":"https:\/\/portalv1.com.br\/api\/wp\/v2\/posts"}],"about":[{"href":"https:\/\/portalv1.com.br\/api\/wp\/v2\/types\/post"}],"author":[{"embeddable":true,"href":"https:\/\/portalv1.com.br\/api\/wp\/v2\/users\/1"}],"replies":[{"embeddable":true,"href":"https:\/\/portalv1.com.br\/api\/wp\/v2\/comments?post=15233"}],"version-history":[{"count":0,"href":"https:\/\/portalv1.com.br\/api\/wp\/v2\/posts\/15233\/revisions"}],"wp:attachment":[{"href":"https:\/\/portalv1.com.br\/api\/wp\/v2\/media?parent=15233"}],"wp:term":[{"taxonomy":"category","embeddable":true,"href":"https:\/\/portalv1.com.br\/api\/wp\/v2\/categories?post=15233"},{"taxonomy":"post_tag","embeddable":true,"href":"https:\/\/portalv1.com.br\/api\/wp\/v2\/tags?post=15233"}],"curies":[{"name":"wp","href":"https:\/\/api.w.org\/{rel}","templated":true}]}}