{"id":152748,"date":"2023-08-09T18:09:47","date_gmt":"2023-08-09T21:09:47","guid":{"rendered":"https:\/\/portalv1.com.br\/?p=152748"},"modified":"2023-08-09T18:10:13","modified_gmt":"2023-08-09T21:10:13","slug":"13a-conferencia-municipal-da-assistencia-social-foi-realizada-em-varzea-grande","status":"publish","type":"post","link":"https:\/\/portalv1.com.br\/13a-conferencia-municipal-da-assistencia-social-foi-realizada-em-varzea-grande\/","title":{"rendered":"13\u00aa Confer\u00eancia Municipal da Assist\u00eancia Social foi realizada em V\u00e1rzea Grande"},"content":{"rendered":"<p>A Prefeitura de V\u00e1rzea Grande em parceria com o Conselho Municipal de Assist\u00eancia Social e da Secretaria Municipal de Assist\u00eancia Social realizou, na manh\u00e3 desta quarta-feira (09), a 13\u00aa Confer\u00eancia Municipal de Assist\u00eancia Social. O evento aconteceu no Centro de Refer\u00eancia de Assist\u00eancia Social \u2013 CRAS do munic\u00edpio.<\/p>\n<p>A palestra foi ministrada pela conferencista Concei\u00e7\u00e3o Segunda e reuniu representantes do poder p\u00fablico e sociedade civil que refletiram juntos a tem\u00e1tica, &#8220;Reconstru\u00e7\u00e3o do Suas: o Suas que temos e o Suas que queremos&#8221;.<\/p>\n<p>A secret\u00e1ria de assist\u00eancia social, Ana L\u00facia, agradeceu a participa\u00e7\u00e3o dos setores p\u00fablicos e social na confer\u00eancia.<\/p>\n<p>\u201cFoi bastante proveitosa, com participa\u00e7\u00e3o de v\u00e1rios segmentos da sociedade, trabalhamos cinco eixos com propostas para melhorar o SUAS e com isso melhorar a qualidade do atendimento aos mais vulner\u00e1veis\u201d, frisou a secret\u00e1ria Ana L\u00facia.&nbsp;<\/p>\n<p>Presente na confer\u00eancia o prefeito Dr. Segundo, falou do compromisso da gest\u00e3o com a assist\u00eancia social. \u201cParticipo aqui com senso de muita responsabilidade da Confer\u00eancia Municipal do SUAS, momento fundamental de discutir pol\u00edticas p\u00fablicas implementadas em favor da popula\u00e7\u00e3o, especialmente os mais vulner\u00e1veis\u201d, disse o prefeito que acrescentou.<\/p>\n<p>\u201cQuero dizer que a Assist\u00eancia Social \u00e9 sim uma grande prioridade do Governo da Reconstru\u00e7\u00e3o, porque entendemos e somos sens\u00edveis a essa demanda muito importante da nossa sociedade. Isso \u00e9 um esfor\u00e7o, \u00e9 uma prioridade com essa pasta, a gente sabe do trabalho desenvolvido pela equipe todos os dias aqui de bra\u00e7os abertos para escutar os anseios da popula\u00e7\u00e3o e para buscar solu\u00e7\u00f5es, especialmente para quem mais precisa\u201d, afirmou o prefeito.<\/p>\n<p>Ele chamou a aten\u00e7\u00e3o para a reforma que est\u00e1 acontecendo no CRAS e para os cursos profissionalizantes que ser\u00e3o realizados nos meses de agosto e setembro pela gest\u00e3o municipal em parceria com o Senai, sendo os cursos de operador de computador e costura industrial. O prefeito ainda pediu que a popula\u00e7\u00e3o acompanhe mais de perto a elei\u00e7\u00e3o para conselheiro tutelar com o objetivo de eleger conselheiros comprometidos com os direitos de crian\u00e7as e adolescentes.<\/p>\n<div class=\"ngg-galleryoverview\" id=\"1\">\n                    <div data-widget=\"Galeria\" data-props=\"{&quot;galeria&quot;:{&quot;max_page&quot;:2,&quot;total&quot;:25,&quot;gallery_id&quot;:1,&quot;images&quot;:[{&quot;thumbcode&quot;:&quot;https:\\\/\\\/portalv1.com.br\\\/app\\\/wp-content\\\/uploads\\\/2023\\\/08\\\/0df24a9c-fb0e-4f0d-b862-80ad4b465d87-Copy-400x250.jpg&quot;,&quot;imageURL&quot;:&quot;https:\\\/\\\/portalv1.com.br\\\/app\\\/wp-content\\\/uploads\\\/2023\\\/08\\\/0df24a9c-fb0e-4f0d-b862-80ad4b465d87-Copy.jpg&quot;,&quot;pid&quot;:152749,&quot;galleryid&quot;:1,&quot;description&quot;:&quot;&quot;,&quot;alttext&quot;:&quot;13\\u00aa Confer\\u00eancia Municipal da Assist\\u00eancia Social foi realizada em V\\u00e1rzea Grande&quot;,&quot;thumbnailURL&quot;:&quot;https:\\\/\\\/portalv1.com.br\\\/app\\\/wp-content\\\/uploads\\\/2023\\\/08\\\/0df24a9c-fb0e-4f0d-b862-80ad4b465d87-Copy-400x250.jpg&quot;,&quot;style&quot;:&quot;&quot;},{&quot;thumbcode&quot;:&quot;https:\\\/\\\/portalv1.com.br\\\/app\\\/wp-content\\\/uploads\\\/2023\\\/08\\\/0ed76374-849d-4a33-82c9-c7d688ffc25b-Copy-400x250.jpg&quot;,&quot;imageURL&quot;:&quot;https:\\\/\\\/portalv1.com.br\\\/app\\\/wp-content\\\/uploads\\\/2023\\\/08\\\/0ed76374-849d-4a33-82c9-c7d688ffc25b-Copy.jpg&quot;,&quot;pid&quot;:152750,&quot;galleryid&quot;:1,&quot;description&quot;:&quot;&quot;,&quot;alttext&quot;:&quot;13\\u00aa Confer\\u00eancia Municipal da Assist\\u00eancia Social foi realizada em V\\u00e1rzea Grande&quot;,&quot;thumbnailURL&quot;:&quot;https:\\\/\\\/portalv1.com.br\\\/app\\\/wp-content\\\/uploads\\\/2023\\\/08\\\/0ed76374-849d-4a33-82c9-c7d688ffc25b-Copy-400x250.jpg&quot;,&quot;style&quot;:&quot;&quot;},{&quot;thumbcode&quot;:&quot;https:\\\/\\\/portalv1.com.br\\\/app\\\/wp-content\\\/uploads\\\/2023\\\/08\\\/01bb1f38-21d3-45e5-928e-c160f62a35ef-Copy-400x250.jpg&quot;,&quot;imageURL&quot;:&quot;https:\\\/\\\/portalv1.com.br\\\/app\\\/wp-content\\\/uploads\\\/2023\\\/08\\\/01bb1f38-21d3-45e5-928e-c160f62a35ef-Copy.jpg&quot;,&quot;pid&quot;:152751,&quot;galleryid&quot;:1,&quot;description&quot;:&quot;&quot;,&quot;alttext&quot;:&quot;13\\u00aa Confer\\u00eancia Municipal da Assist\\u00eancia Social foi realizada em V\\u00e1rzea Grande&quot;,&quot;thumbnailURL&quot;:&quot;https:\\\/\\\/portalv1.com.br\\\/app\\\/wp-content\\\/uploads\\\/2023\\\/08\\\/01bb1f38-21d3-45e5-928e-c160f62a35ef-Copy-400x250.jpg&quot;,&quot;style&quot;:&quot;&quot;},{&quot;thumbcode&quot;:&quot;https:\\\/\\\/portalv1.com.br\\\/app\\\/wp-content\\\/uploads\\\/2023\\\/08\\\/1e7f6de1-8d73-4009-a40a-0fb08d272441-Copy-400x250.jpg&quot;,&quot;imageURL&quot;:&quot;https:\\\/\\\/portalv1.com.br\\\/app\\\/wp-content\\\/uploads\\\/2023\\\/08\\\/1e7f6de1-8d73-4009-a40a-0fb08d272441-Copy.jpg&quot;,&quot;pid&quot;:152752,&quot;galleryid&quot;:1,&quot;description&quot;:&quot;&quot;,&quot;alttext&quot;:&quot;13\\u00aa Confer\\u00eancia Municipal da Assist\\u00eancia Social foi realizada em V\\u00e1rzea Grande&quot;,&quot;thumbnailURL&quot;:&quot;https:\\\/\\\/portalv1.com.br\\\/app\\\/wp-content\\\/uploads\\\/2023\\\/08\\\/1e7f6de1-8d73-4009-a40a-0fb08d272441-Copy-400x250.jpg&quot;,&quot;style&quot;:&quot;&quot;},{&quot;thumbcode&quot;:&quot;https:\\\/\\\/portalv1.com.br\\\/app\\\/wp-content\\\/uploads\\\/2023\\\/08\\\/2ea0d119-203a-4e79-904f-a36b0d1bcfc8-Copy-400x250.jpg&quot;,&quot;imageURL&quot;:&quot;https:\\\/\\\/portalv1.com.br\\\/app\\\/wp-content\\\/uploads\\\/2023\\\/08\\\/2ea0d119-203a-4e79-904f-a36b0d1bcfc8-Copy.jpg&quot;,&quot;pid&quot;:152753,&quot;galleryid&quot;:1,&quot;description&quot;:&quot;&quot;,&quot;alttext&quot;:&quot;13\\u00aa Confer\\u00eancia Municipal da Assist\\u00eancia Social foi realizada em V\\u00e1rzea Grande&quot;,&quot;thumbnailURL&quot;:&quot;https:\\\/\\\/portalv1.com.br\\\/app\\\/wp-content\\\/uploads\\\/2023\\\/08\\\/2ea0d119-203a-4e79-904f-a36b0d1bcfc8-Copy-400x250.jpg&quot;,&quot;style&quot;:&quot;&quot;},{&quot;thumbcode&quot;:&quot;https:\\\/\\\/portalv1.com.br\\\/app\\\/wp-content\\\/uploads\\\/2023\\\/08\\\/3cd0ef13-cb1b-4312-8d6f-9ce954528ad6-Copy-400x250.jpg&quot;,&quot;imageURL&quot;:&quot;https:\\\/\\\/portalv1.com.br\\\/app\\\/wp-content\\\/uploads\\\/2023\\\/08\\\/3cd0ef13-cb1b-4312-8d6f-9ce954528ad6-Copy.jpg&quot;,&quot;pid&quot;:152754,&quot;galleryid&quot;:1,&quot;description&quot;:&quot;&quot;,&quot;alttext&quot;:&quot;13\\u00aa Confer\\u00eancia Municipal da Assist\\u00eancia Social foi realizada em V\\u00e1rzea Grande&quot;,&quot;thumbnailURL&quot;:&quot;https:\\\/\\\/portalv1.com.br\\\/app\\\/wp-content\\\/uploads\\\/2023\\\/08\\\/3cd0ef13-cb1b-4312-8d6f-9ce954528ad6-Copy-400x250.jpg&quot;,&quot;style&quot;:&quot;&quot;},{&quot;thumbcode&quot;:&quot;https:\\\/\\\/portalv1.com.br\\\/app\\\/wp-content\\\/uploads\\\/2023\\\/08\\\/3e2ccbfa-1aea-4acc-b5c3-5f4aa47ab79f-Copy-400x250.jpg&quot;,&quot;imageURL&quot;:&quot;https:\\\/\\\/portalv1.com.br\\\/app\\\/wp-content\\\/uploads\\\/2023\\\/08\\\/3e2ccbfa-1aea-4acc-b5c3-5f4aa47ab79f-Copy.jpg&quot;,&quot;pid&quot;:152755,&quot;galleryid&quot;:1,&quot;description&quot;:&quot;&quot;,&quot;alttext&quot;:&quot;13\\u00aa Confer\\u00eancia Municipal da Assist\\u00eancia Social foi realizada em V\\u00e1rzea Grande&quot;,&quot;thumbnailURL&quot;:&quot;https:\\\/\\\/portalv1.com.br\\\/app\\\/wp-content\\\/uploads\\\/2023\\\/08\\\/3e2ccbfa-1aea-4acc-b5c3-5f4aa47ab79f-Copy-400x250.jpg&quot;,&quot;style&quot;:&quot;&quot;},{&quot;thumbcode&quot;:&quot;https:\\\/\\\/portalv1.com.br\\\/app\\\/wp-content\\\/uploads\\\/2023\\\/08\\\/4f6be81d-dcde-454c-b506-8407b05090ee-Copy-400x250.jpg&quot;,&quot;imageURL&quot;:&quot;https:\\\/\\\/portalv1.com.br\\\/app\\\/wp-content\\\/uploads\\\/2023\\\/08\\\/4f6be81d-dcde-454c-b506-8407b05090ee-Copy.jpg&quot;,&quot;pid&quot;:152756,&quot;galleryid&quot;:1,&quot;description&quot;:&quot;&quot;,&quot;alttext&quot;:&quot;13\\u00aa Confer\\u00eancia Municipal da Assist\\u00eancia Social foi realizada em V\\u00e1rzea Grande&quot;,&quot;thumbnailURL&quot;:&quot;https:\\\/\\\/portalv1.com.br\\\/app\\\/wp-content\\\/uploads\\\/2023\\\/08\\\/4f6be81d-dcde-454c-b506-8407b05090ee-Copy-400x250.jpg&quot;,&quot;style&quot;:&quot;&quot;},{&quot;thumbcode&quot;:&quot;https:\\\/\\\/portalv1.com.br\\\/app\\\/wp-content\\\/uploads\\\/2023\\\/08\\\/05e80b42-dc7e-4484-af38-b1f8a130165a-Copy-400x250.jpg&quot;,&quot;imageURL&quot;:&quot;https:\\\/\\\/portalv1.com.br\\\/app\\\/wp-content\\\/uploads\\\/2023\\\/08\\\/05e80b42-dc7e-4484-af38-b1f8a130165a-Copy.jpg&quot;,&quot;pid&quot;:152757,&quot;galleryid&quot;:1,&quot;description&quot;:&quot;&quot;,&quot;alttext&quot;:&quot;13\\u00aa Confer\\u00eancia Municipal da Assist\\u00eancia Social foi realizada em V\\u00e1rzea Grande&quot;,&quot;thumbnailURL&quot;:&quot;https:\\\/\\\/portalv1.com.br\\\/app\\\/wp-content\\\/uploads\\\/2023\\\/08\\\/05e80b42-dc7e-4484-af38-b1f8a130165a-Copy-400x250.jpg&quot;,&quot;style&quot;:&quot;&quot;},{&quot;thumbcode&quot;:&quot;https:\\\/\\\/portalv1.com.br\\\/app\\\/wp-content\\\/uploads\\\/2023\\\/08\\\/6e56b68c-888e-4f2f-8286-f4128011d5f9-Copy-400x250.jpg&quot;,&quot;imageURL&quot;:&quot;https:\\\/\\\/portalv1.com.br\\\/app\\\/wp-content\\\/uploads\\\/2023\\\/08\\\/6e56b68c-888e-4f2f-8286-f4128011d5f9-Copy.jpg&quot;,&quot;pid&quot;:152758,&quot;galleryid&quot;:1,&quot;description&quot;:&quot;&quot;,&quot;alttext&quot;:&quot;13\\u00aa Confer\\u00eancia Municipal da Assist\\u00eancia Social foi realizada em V\\u00e1rzea Grande&quot;,&quot;thumbnailURL&quot;:&quot;https:\\\/\\\/portalv1.com.br\\\/app\\\/wp-content\\\/uploads\\\/2023\\\/08\\\/6e56b68c-888e-4f2f-8286-f4128011d5f9-Copy-400x250.jpg&quot;,&quot;style&quot;:&quot;&quot;},{&quot;thumbcode&quot;:&quot;https:\\\/\\\/portalv1.com.br\\\/app\\\/wp-content\\\/uploads\\\/2023\\\/08\\\/6ee13b46-f97d-4191-8d2e-6658710e73fe-Copy-400x250.jpg&quot;,&quot;imageURL&quot;:&quot;https:\\\/\\\/portalv1.com.br\\\/app\\\/wp-content\\\/uploads\\\/2023\\\/08\\\/6ee13b46-f97d-4191-8d2e-6658710e73fe-Copy.jpg&quot;,&quot;pid&quot;:152759,&quot;galleryid&quot;:1,&quot;description&quot;:&quot;&quot;,&quot;alttext&quot;:&quot;13\\u00aa Confer\\u00eancia Municipal da Assist\\u00eancia Social foi realizada em V\\u00e1rzea Grande&quot;,&quot;thumbnailURL&quot;:&quot;https:\\\/\\\/portalv1.com.br\\\/app\\\/wp-content\\\/uploads\\\/2023\\\/08\\\/6ee13b46-f97d-4191-8d2e-6658710e73fe-Copy-400x250.jpg&quot;,&quot;style&quot;:&quot;&quot;},{&quot;thumbcode&quot;:&quot;https:\\\/\\\/portalv1.com.br\\\/app\\\/wp-content\\\/uploads\\\/2023\\\/08\\\/7e9fd915-b5c9-4416-8eb9-471dc43f5789-Copy-400x250.jpg&quot;,&quot;imageURL&quot;:&quot;https:\\\/\\\/portalv1.com.br\\\/app\\\/wp-content\\\/uploads\\\/2023\\\/08\\\/7e9fd915-b5c9-4416-8eb9-471dc43f5789-Copy.jpg&quot;,&quot;pid&quot;:152760,&quot;galleryid&quot;:1,&quot;description&quot;:&quot;&quot;,&quot;alttext&quot;:&quot;13\\u00aa Confer\\u00eancia Municipal da Assist\\u00eancia Social foi realizada em V\\u00e1rzea Grande&quot;,&quot;thumbnailURL&quot;:&quot;https:\\\/\\\/portalv1.com.br\\\/app\\\/wp-content\\\/uploads\\\/2023\\\/08\\\/7e9fd915-b5c9-4416-8eb9-471dc43f5789-Copy-400x250.jpg&quot;,&quot;style&quot;:&quot;&quot;},{&quot;thumbcode&quot;:&quot;https:\\\/\\\/portalv1.com.br\\\/app\\\/wp-content\\\/uploads\\\/2023\\\/08\\\/11a2f180-2373-4872-8cd7-c71e3a01e17a-Copy-400x250.jpg&quot;,&quot;imageURL&quot;:&quot;https:\\\/\\\/portalv1.com.br\\\/app\\\/wp-content\\\/uploads\\\/2023\\\/08\\\/11a2f180-2373-4872-8cd7-c71e3a01e17a-Copy.jpg&quot;,&quot;pid&quot;:152761,&quot;galleryid&quot;:1,&quot;description&quot;:&quot;&quot;,&quot;alttext&quot;:&quot;13\\u00aa Confer\\u00eancia Municipal da Assist\\u00eancia Social foi realizada em V\\u00e1rzea Grande&quot;,&quot;thumbnailURL&quot;:&quot;https:\\\/\\\/portalv1.com.br\\\/app\\\/wp-content\\\/uploads\\\/2023\\\/08\\\/11a2f180-2373-4872-8cd7-c71e3a01e17a-Copy-400x250.jpg&quot;,&quot;style&quot;:&quot;&quot;},{&quot;thumbcode&quot;:&quot;https:\\\/\\\/portalv1.com.br\\\/app\\\/wp-content\\\/uploads\\\/2023\\\/08\\\/627c5731-7de3-47af-9d34-c4274b396192-Copy-400x250.jpg&quot;,&quot;imageURL&quot;:&quot;https:\\\/\\\/portalv1.com.br\\\/app\\\/wp-content\\\/uploads\\\/2023\\\/08\\\/627c5731-7de3-47af-9d34-c4274b396192-Copy.jpg&quot;,&quot;pid&quot;:152762,&quot;galleryid&quot;:1,&quot;description&quot;:&quot;&quot;,&quot;alttext&quot;:&quot;13\\u00aa Confer\\u00eancia Municipal da Assist\\u00eancia Social foi realizada em V\\u00e1rzea Grande&quot;,&quot;thumbnailURL&quot;:&quot;https:\\\/\\\/portalv1.com.br\\\/app\\\/wp-content\\\/uploads\\\/2023\\\/08\\\/627c5731-7de3-47af-9d34-c4274b396192-Copy-400x250.jpg&quot;,&quot;style&quot;:&quot;&quot;},{&quot;thumbcode&quot;:&quot;https:\\\/\\\/portalv1.com.br\\\/app\\\/wp-content\\\/uploads\\\/2023\\\/08\\\/3807ed3c-c27c-4860-9c51-22830f93c535-Copy-400x250.jpg&quot;,&quot;imageURL&quot;:&quot;https:\\\/\\\/portalv1.com.br\\\/app\\\/wp-content\\\/uploads\\\/2023\\\/08\\\/3807ed3c-c27c-4860-9c51-22830f93c535-Copy.jpg&quot;,&quot;pid&quot;:152763,&quot;galleryid&quot;:1,&quot;description&quot;:&quot;&quot;,&quot;alttext&quot;:&quot;13\\u00aa Confer\\u00eancia Municipal da Assist\\u00eancia Social foi realizada em V\\u00e1rzea Grande&quot;,&quot;thumbnailURL&quot;:&quot;https:\\\/\\\/portalv1.com.br\\\/app\\\/wp-content\\\/uploads\\\/2023\\\/08\\\/3807ed3c-c27c-4860-9c51-22830f93c535-Copy-400x250.jpg&quot;,&quot;style&quot;:&quot;&quot;},{&quot;thumbcode&quot;:&quot;https:\\\/\\\/portalv1.com.br\\\/app\\\/wp-content\\\/uploads\\\/2023\\\/08\\\/64746c02-c207-4462-b204-5512396a4b6f-Copy-400x250.jpg&quot;,&quot;imageURL&quot;:&quot;https:\\\/\\\/portalv1.com.br\\\/app\\\/wp-content\\\/uploads\\\/2023\\\/08\\\/64746c02-c207-4462-b204-5512396a4b6f-Copy.jpg&quot;,&quot;pid&quot;:152764,&quot;galleryid&quot;:1,&quot;description&quot;:&quot;&quot;,&quot;alttext&quot;:&quot;13\\u00aa Confer\\u00eancia Municipal da Assist\\u00eancia Social foi realizada em V\\u00e1rzea Grande&quot;,&quot;thumbnailURL&quot;:&quot;https:\\\/\\\/portalv1.com.br\\\/app\\\/wp-content\\\/uploads\\\/2023\\\/08\\\/64746c02-c207-4462-b204-5512396a4b6f-Copy-400x250.jpg&quot;,&quot;style&quot;:&quot;&quot;},{&quot;thumbcode&quot;:&quot;https:\\\/\\\/portalv1.com.br\\\/app\\\/wp-content\\\/uploads\\\/2023\\\/08\\\/ab121220-2913-4c0e-81a0-7dfd42ca56b6-Copy-400x250.jpg&quot;,&quot;imageURL&quot;:&quot;https:\\\/\\\/portalv1.com.br\\\/app\\\/wp-content\\\/uploads\\\/2023\\\/08\\\/ab121220-2913-4c0e-81a0-7dfd42ca56b6-Copy.jpg&quot;,&quot;pid&quot;:152765,&quot;galleryid&quot;:1,&quot;description&quot;:&quot;&quot;,&quot;alttext&quot;:&quot;13\\u00aa Confer\\u00eancia Municipal da Assist\\u00eancia Social foi realizada em V\\u00e1rzea Grande&quot;,&quot;thumbnailURL&quot;:&quot;https:\\\/\\\/portalv1.com.br\\\/app\\\/wp-content\\\/uploads\\\/2023\\\/08\\\/ab121220-2913-4c0e-81a0-7dfd42ca56b6-Copy-400x250.jpg&quot;,&quot;style&quot;:&quot;&quot;},{&quot;thumbcode&quot;:&quot;https:\\\/\\\/portalv1.com.br\\\/app\\\/wp-content\\\/uploads\\\/2023\\\/08\\\/b18c7a8e-a368-4985-a5f5-ae9bfc1e229a-Copy-400x250.jpg&quot;,&quot;imageURL&quot;:&quot;https:\\\/\\\/portalv1.com.br\\\/app\\\/wp-content\\\/uploads\\\/2023\\\/08\\\/b18c7a8e-a368-4985-a5f5-ae9bfc1e229a-Copy.jpg&quot;,&quot;pid&quot;:152766,&quot;galleryid&quot;:1,&quot;description&quot;:&quot;&quot;,&quot;alttext&quot;:&quot;13\\u00aa Confer\\u00eancia Municipal da Assist\\u00eancia Social foi realizada em V\\u00e1rzea Grande&quot;,&quot;thumbnailURL&quot;:&quot;https:\\\/\\\/portalv1.com.br\\\/app\\\/wp-content\\\/uploads\\\/2023\\\/08\\\/b18c7a8e-a368-4985-a5f5-ae9bfc1e229a-Copy-400x250.jpg&quot;,&quot;style&quot;:&quot;&quot;},{&quot;thumbcode&quot;:&quot;https:\\\/\\\/portalv1.com.br\\\/app\\\/wp-content\\\/uploads\\\/2023\\\/08\\\/b60ba7fd-969e-4388-b8a9-bb7e11b910ce-Copy-400x250.jpg&quot;,&quot;imageURL&quot;:&quot;https:\\\/\\\/portalv1.com.br\\\/app\\\/wp-content\\\/uploads\\\/2023\\\/08\\\/b60ba7fd-969e-4388-b8a9-bb7e11b910ce-Copy.jpg&quot;,&quot;pid&quot;:152767,&quot;galleryid&quot;:1,&quot;description&quot;:&quot;&quot;,&quot;alttext&quot;:&quot;13\\u00aa Confer\\u00eancia Municipal da Assist\\u00eancia Social foi realizada em V\\u00e1rzea Grande&quot;,&quot;thumbnailURL&quot;:&quot;https:\\\/\\\/portalv1.com.br\\\/app\\\/wp-content\\\/uploads\\\/2023\\\/08\\\/b60ba7fd-969e-4388-b8a9-bb7e11b910ce-Copy-400x250.jpg&quot;,&quot;style&quot;:&quot;&quot;},{&quot;thumbcode&quot;:&quot;https:\\\/\\\/portalv1.com.br\\\/app\\\/wp-content\\\/uploads\\\/2023\\\/08\\\/cafa1d85-fdc1-49f7-8744-f718919b0f7d-Copy-400x250.jpg&quot;,&quot;imageURL&quot;:&quot;https:\\\/\\\/portalv1.com.br\\\/app\\\/wp-content\\\/uploads\\\/2023\\\/08\\\/cafa1d85-fdc1-49f7-8744-f718919b0f7d-Copy.jpg&quot;,&quot;pid&quot;:152768,&quot;galleryid&quot;:1,&quot;description&quot;:&quot;&quot;,&quot;alttext&quot;:&quot;13\\u00aa Confer\\u00eancia Municipal da Assist\\u00eancia Social foi realizada em V\\u00e1rzea Grande&quot;,&quot;thumbnailURL&quot;:&quot;https:\\\/\\\/portalv1.com.br\\\/app\\\/wp-content\\\/uploads\\\/2023\\\/08\\\/cafa1d85-fdc1-49f7-8744-f718919b0f7d-Copy-400x250.jpg&quot;,&quot;style&quot;:&quot;&quot;},{&quot;thumbcode&quot;:&quot;https:\\\/\\\/portalv1.com.br\\\/app\\\/wp-content\\\/uploads\\\/2023\\\/08\\\/d727fa78-6bdb-40f3-be26-636a04d7fb84-Copy-400x250.jpg&quot;,&quot;imageURL&quot;:&quot;https:\\\/\\\/portalv1.com.br\\\/app\\\/wp-content\\\/uploads\\\/2023\\\/08\\\/d727fa78-6bdb-40f3-be26-636a04d7fb84-Copy.jpg&quot;,&quot;pid&quot;:152769,&quot;galleryid&quot;:1,&quot;description&quot;:&quot;&quot;,&quot;alttext&quot;:&quot;13\\u00aa Confer\\u00eancia Municipal da Assist\\u00eancia Social foi realizada em V\\u00e1rzea Grande&quot;,&quot;thumbnailURL&quot;:&quot;https:\\\/\\\/portalv1.com.br\\\/app\\\/wp-content\\\/uploads\\\/2023\\\/08\\\/d727fa78-6bdb-40f3-be26-636a04d7fb84-Copy-400x250.jpg&quot;,&quot;style&quot;:&quot;&quot;},{&quot;thumbcode&quot;:&quot;https:\\\/\\\/portalv1.com.br\\\/app\\\/wp-content\\\/uploads\\\/2023\\\/08\\\/e8c54cc5-ec4f-4c05-a7e5-6896635eae93-Copy-400x250.jpg&quot;,&quot;imageURL&quot;:&quot;https:\\\/\\\/portalv1.com.br\\\/app\\\/wp-content\\\/uploads\\\/2023\\\/08\\\/e8c54cc5-ec4f-4c05-a7e5-6896635eae93-Copy.jpg&quot;,&quot;pid&quot;:152770,&quot;galleryid&quot;:1,&quot;description&quot;:&quot;&quot;,&quot;alttext&quot;:&quot;13\\u00aa Confer\\u00eancia Municipal da Assist\\u00eancia Social foi realizada em V\\u00e1rzea Grande&quot;,&quot;thumbnailURL&quot;:&quot;https:\\\/\\\/portalv1.com.br\\\/app\\\/wp-content\\\/uploads\\\/2023\\\/08\\\/e8c54cc5-ec4f-4c05-a7e5-6896635eae93-Copy-400x250.jpg&quot;,&quot;style&quot;:&quot;&quot;},{&quot;thumbcode&quot;:&quot;https:\\\/\\\/portalv1.com.br\\\/app\\\/wp-content\\\/uploads\\\/2023\\\/08\\\/e59d146a-d8c5-4926-b67b-e870fe437c95-Copy-400x250.jpg&quot;,&quot;imageURL&quot;:&quot;https:\\\/\\\/portalv1.com.br\\\/app\\\/wp-content\\\/uploads\\\/2023\\\/08\\\/e59d146a-d8c5-4926-b67b-e870fe437c95-Copy.jpg&quot;,&quot;pid&quot;:152771,&quot;galleryid&quot;:1,&quot;description&quot;:&quot;&quot;,&quot;alttext&quot;:&quot;13\\u00aa Confer\\u00eancia Municipal da Assist\\u00eancia Social foi realizada em V\\u00e1rzea Grande&quot;,&quot;thumbnailURL&quot;:&quot;https:\\\/\\\/portalv1.com.br\\\/app\\\/wp-content\\\/uploads\\\/2023\\\/08\\\/e59d146a-d8c5-4926-b67b-e870fe437c95-Copy-400x250.jpg&quot;,&quot;style&quot;:&quot;&quot;},{&quot;thumbcode&quot;:&quot;https:\\\/\\\/portalv1.com.br\\\/app\\\/wp-content\\\/uploads\\\/2023\\\/08\\\/ea62f59c-9052-46e7-a3ab-90e19294fb15-Copy-400x250.jpg&quot;,&quot;imageURL&quot;:&quot;https:\\\/\\\/portalv1.com.br\\\/app\\\/wp-content\\\/uploads\\\/2023\\\/08\\\/ea62f59c-9052-46e7-a3ab-90e19294fb15-Copy.jpg&quot;,&quot;pid&quot;:152772,&quot;galleryid&quot;:1,&quot;description&quot;:&quot;&quot;,&quot;alttext&quot;:&quot;13\\u00aa Confer\\u00eancia Municipal da Assist\\u00eancia Social foi realizada em V\\u00e1rzea Grande&quot;,&quot;thumbnailURL&quot;:&quot;https:\\\/\\\/portalv1.com.br\\\/app\\\/wp-content\\\/uploads\\\/2023\\\/08\\\/ea62f59c-9052-46e7-a3ab-90e19294fb15-Copy-400x250.jpg&quot;,&quot;style&quot;:&quot;&quot;},{&quot;thumbcode&quot;:&quot;https:\\\/\\\/portalv1.com.br\\\/app\\\/wp-content\\\/uploads\\\/2023\\\/08\\\/f33990c4-4811-4c12-a6ef-de536b89e852-Copy-400x250.jpg&quot;,&quot;imageURL&quot;:&quot;https:\\\/\\\/portalv1.com.br\\\/app\\\/wp-content\\\/uploads\\\/2023\\\/08\\\/f33990c4-4811-4c12-a6ef-de536b89e852-Copy.jpg&quot;,&quot;pid&quot;:152773,&quot;galleryid&quot;:1,&quot;description&quot;:&quot;&quot;,&quot;alttext&quot;:&quot;13\\u00aa Confer\\u00eancia Municipal da Assist\\u00eancia Social foi realizada em V\\u00e1rzea Grande&quot;,&quot;thumbnailURL&quot;:&quot;https:\\\/\\\/portalv1.com.br\\\/app\\\/wp-content\\\/uploads\\\/2023\\\/08\\\/f33990c4-4811-4c12-a6ef-de536b89e852-Copy-400x250.jpg&quot;,&quot;style&quot;:&quot;&quot;}]}}\"><\/div>\n                  <\/div>\n","protected":false},"excerpt":{"rendered":"<p>A Prefeitura de V\u00e1rzea Grande em parceria com o Conselho Municipal de Assist\u00eancia Social e da Secretaria Municipal de Assist\u00eancia Social realizou, na manh\u00e3 desta quarta-feira (09), a 13\u00aa Confer\u00eancia&#8230;<\/p>\n","protected":false},"author":1,"featured_media":152773,"comment_status":"open","ping_status":"open","sticky":false,"template":"","format":"standard","meta":{"ngg_post_thumbnail":0,"footnotes":""},"categories":[243],"tags":[],"class_list":["post-152748","post","type-post","status-publish","format-standard","has-post-thumbnail","hentry","category-geral"],"views":357,"meta_data":{"thumb":"https:\/\/portalv1.com.br\/app\/wp-content\/uploads\/2023\/08\/f33990c4-4811-4c12-a6ef-de536b89e852-Copy.jpg","imagem":{"fullsize":{"url":"https:\/\/portalv1.com.br\/app\/wp-content\/uploads\/2023\/08\/f33990c4-4811-4c12-a6ef-de536b89e852-Copy.jpg","width":1024,"height":768},"medium":{"url":"https:\/\/portalv1.com.br\/app\/wp-content\/uploads\/2023\/08\/f33990c4-4811-4c12-a6ef-de536b89e852-Copy-300x225.jpg","width":300,"height":225},"large":{"url":"https:\/\/portalv1.com.br\/app\/wp-content\/uploads\/2023\/08\/f33990c4-4811-4c12-a6ef-de536b89e852-Copy-640x480.jpg","width":640,"height":480},"thumbnail":{"url":"https:\/\/portalv1.com.br\/app\/wp-content\/uploads\/2023\/08\/f33990c4-4811-4c12-a6ef-de536b89e852-Copy-100x100.jpg","width":100,"height":100},"medium_large":{"url":"https:\/\/portalv1.com.br\/app\/wp-content\/uploads\/2023\/08\/f33990c4-4811-4c12-a6ef-de536b89e852-Copy-768x576.jpg","width":768,"height":576}},"data":{"simple":"09\/08\/2023","date_time":"09\/08\/2023 15:09:47","date":"h\u00e1 3 anos"},"chapeu":"Saiba Detalhes ","source":"slide"},"_links":{"self":[{"href":"https:\/\/portalv1.com.br\/api\/wp\/v2\/posts\/152748","targetHints":{"allow":["GET"]}}],"collection":[{"href":"https:\/\/portalv1.com.br\/api\/wp\/v2\/posts"}],"about":[{"href":"https:\/\/portalv1.com.br\/api\/wp\/v2\/types\/post"}],"author":[{"embeddable":true,"href":"https:\/\/portalv1.com.br\/api\/wp\/v2\/users\/1"}],"replies":[{"embeddable":true,"href":"https:\/\/portalv1.com.br\/api\/wp\/v2\/comments?post=152748"}],"version-history":[{"count":0,"href":"https:\/\/portalv1.com.br\/api\/wp\/v2\/posts\/152748\/revisions"}],"wp:featuredmedia":[{"embeddable":true,"href":"https:\/\/portalv1.com.br\/api\/wp\/v2\/media\/152773"}],"wp:attachment":[{"href":"https:\/\/portalv1.com.br\/api\/wp\/v2\/media?parent=152748"}],"wp:term":[{"taxonomy":"category","embeddable":true,"href":"https:\/\/portalv1.com.br\/api\/wp\/v2\/categories?post=152748"},{"taxonomy":"post_tag","embeddable":true,"href":"https:\/\/portalv1.com.br\/api\/wp\/v2\/tags?post=152748"}],"curies":[{"name":"wp","href":"https:\/\/api.w.org\/{rel}","templated":true}]}}