{"id":15276,"date":"2013-03-19T09:58:40","date_gmt":"2013-03-19T12:58:40","guid":{"rendered":"https:\/\/portalv1.com.br\/?p=15276"},"modified":"2013-03-19T09:58:40","modified_gmt":"2013-03-19T12:58:40","slug":"dilma-se-encontra-com-papa-apos-missa-inaugural","status":"publish","type":"post","link":"https:\/\/portalv1.com.br\/dilma-se-encontra-com-papa-apos-missa-inaugural\/","title":{"rendered":"Dilma se encontra com papa ap\u00f3s missa inaugural"},"content":{"rendered":"<figure id=\"attachment_15277\" aria-describedby=\"caption-attachment-15277\" style=\"width: 300px\" class=\"wp-caption alignright\"><a href=\"https:\/\/portalv1.com.br\/app\/wp-content\/uploads\/2013\/03\/dilma1.jpg\"><img loading=\"lazy\" decoding=\"async\" class=\"size-full wp-image-15277\" alt=\"Dilma Rousseff  e o papa Francisco\" src=\"https:\/\/portalv1.com.br\/app\/wp-content\/uploads\/2013\/03\/dilma1.jpg\" width=\"300\" height=\"200\" \/><\/a><figcaption id=\"caption-attachment-15277\" class=\"wp-caption-text\">Dilma Rousseff e o papa Francisco<\/figcaption><\/figure>\n<p>Ap\u00f3s a missa inaugural do minist\u00e9rio petrino do papa Francisco, na manh\u00e3 desta ter\u00e7a-feira (19), a presidente Dilma Rousseff teve a oportunidade de conversar por breves segundos com o pont\u00edfice.<\/p>\n<p>Na conversa, a presidente aparentemente disse ser um prazer ter um papa que se dedique aos pobres. \u00a0Antes do encontro, Dilma disse que sua inten\u00e7\u00e3o era conversar com Francisco sobre o combate \u00e0 pobreza e \u00e0 fome no mundo.<\/p>\n<p>Ela ressaltou ontem que o papa Francisco &#8220;tem um papel importante a cumprir&#8221;.&#8221;\u00c9 uma postura importante&#8221;, disse ela, referindo-se \u00e0 preocupa\u00e7\u00e3o dele com os pobres. Em seguida, a presidenta acrescentou: &#8220;\u00c9 claro que o mundo pede hoje al\u00e9m disso [da preocupa\u00e7\u00e3o com os pobres] que as pessoas sejam compreendidas e que as op\u00e7\u00f5es diferenciadas das pessoas sejam compreendidas&#8221;.<\/p>\n<p>Al\u00e9m de Dilma, o pont\u00edfice recebeu pessoalmente \u00e0s delega\u00e7\u00f5es de l\u00edderes pol\u00edticos mundiais e religiosos que comparecerem \u00e0 missa, entre eles, o patriarca ecum\u00eanico de Constantinopla, Bartolomeu 1\u00ba, que participa deste tipo de evento pela primeira vez na hist\u00f3ria.<\/p>\n<p>A presidente Argentina, Cristina Kirchner, foi a primeira a cumprimentar o papa, seguida por outros l\u00edderes da Am\u00e9rica Latina, entre eles os presidentes do Chile, Sebasti\u00e1n Pi\u00f1era, do Paraguai, Federico Franco, do Equador, Rafael Correa, e do M\u00e9xico, Enrique Pe\u00f1a Nieto.<\/p>\n<p>Da Europa, marcaram presen\u00e7a a chanceler alem\u00e3, Angela Merkel, pelo primeiro-ministro da Fran\u00e7a, Jean-Marc Ayrault, e o presidente do Governo espanhol, Mariano Rajoy.\u00a0A delega\u00e7\u00e3o da Uni\u00e3o Europeia foi representada ainda pelo presidente da Comiss\u00e3o Europeia, Jos\u00e9 Manuel Dur\u00e3o Barroso, e o presidente do Conselho Europeu, Herman Van Rompuy.<\/p>\n<p>A missa tamb\u00e9m foi acompanhada pelos pr\u00edncipes das Ast\u00farias, Felipe e Letizia, e os da Holanda, Guilherme e M\u00e1xima, e de M\u00f4naco, Albert 1\u00ba.<\/p>\n<p>Entre os representantes de outras religi\u00f5es, estavam ainda o metropolita (arcebispo) Hilarion, da Igreja Ortodoxa Russa, e o metropolita Amfilohje, da Igreja Ortodoxa S\u00e9rvia. O reverendo Olav Fykse Tveit, do Conselho Mundial de Igrejas, e representantes da Comunh\u00e3o Anglicana, da Federa\u00e7\u00e3o Luterana Mundial, da Alian\u00e7a Mundial Evang\u00e9lica, e de outras religi\u00f5es prestigiaram o papa Francisco.<\/p>\n<p>Tamb\u00e9m foram vistos na pra\u00e7a de S\u00e3o Pedro o rabino chefe de Roma, Riccardo Di Segni, o presidente da Uni\u00e3o de Comunidades Isl\u00e2micas da It\u00e1lia, o im\u00e3 Izzeddin Elzir, al\u00e9m de representantes budistas, sikh e hindus. (* Com Ag\u00eancia Brasil e ag\u00eancias internacionais)<\/p>\n<p>Fonte: UOL<\/p>\n","protected":false},"excerpt":{"rendered":"<p>Ap\u00f3s a missa inaugural do minist\u00e9rio petrino do papa Francisco, na manh\u00e3 desta ter\u00e7a-feira (19), a presidente Dilma Rousseff teve a oportunidade de conversar por breves segundos com o pont\u00edfice&#8230;.<\/p>\n","protected":false},"author":1,"featured_media":0,"comment_status":"open","ping_status":"open","sticky":false,"template":"","format":"standard","meta":{"ngg_post_thumbnail":0,"footnotes":""},"categories":[252],"tags":[],"class_list":["post-15276","post","type-post","status-publish","format-standard","hentry","category-avozdopastor"],"views":365,"meta_data":{"thumb":"https:\/\/portalv1.com.br\/app\/wp-content\/uploads\/2013\/03\/dilma1.jpg","data":{"simple":"19\/03\/2013","date_time":"19\/03\/2013 06:58:40","date":"h\u00e1 13 anos"},"chapeu":"Posse do Papa","source":"foto_menor"},"_links":{"self":[{"href":"https:\/\/portalv1.com.br\/api\/wp\/v2\/posts\/15276","targetHints":{"allow":["GET"]}}],"collection":[{"href":"https:\/\/portalv1.com.br\/api\/wp\/v2\/posts"}],"about":[{"href":"https:\/\/portalv1.com.br\/api\/wp\/v2\/types\/post"}],"author":[{"embeddable":true,"href":"https:\/\/portalv1.com.br\/api\/wp\/v2\/users\/1"}],"replies":[{"embeddable":true,"href":"https:\/\/portalv1.com.br\/api\/wp\/v2\/comments?post=15276"}],"version-history":[{"count":0,"href":"https:\/\/portalv1.com.br\/api\/wp\/v2\/posts\/15276\/revisions"}],"wp:attachment":[{"href":"https:\/\/portalv1.com.br\/api\/wp\/v2\/media?parent=15276"}],"wp:term":[{"taxonomy":"category","embeddable":true,"href":"https:\/\/portalv1.com.br\/api\/wp\/v2\/categories?post=15276"},{"taxonomy":"post_tag","embeddable":true,"href":"https:\/\/portalv1.com.br\/api\/wp\/v2\/tags?post=15276"}],"curies":[{"name":"wp","href":"https:\/\/api.w.org\/{rel}","templated":true}]}}