{"id":15307,"date":"2013-03-22T08:49:53","date_gmt":"2013-03-22T11:49:53","guid":{"rendered":"https:\/\/portalv1.com.br\/?p=15307"},"modified":"2013-03-24T23:10:42","modified_gmt":"2013-03-25T02:10:42","slug":"igreja-catolica-realizara-show-neste-domingo-em-valenca","status":"publish","type":"post","link":"https:\/\/portalv1.com.br\/igreja-catolica-realizara-show-neste-domingo-em-valenca\/","title":{"rendered":"Igreja cat\u00f3lica realizar\u00e1 show neste domingo em Valen\u00e7a"},"content":{"rendered":"<figure id=\"attachment_15308\" aria-describedby=\"caption-attachment-15308\" style=\"width: 300px\" class=\"wp-caption alignright\"><a href=\"https:\/\/portalv1.com.br\/app\/wp-content\/uploads\/2013\/03\/JOVEM-VIVA-.jpg\"><img loading=\"lazy\" decoding=\"async\" class=\"size-full wp-image-15308\" alt=\"O show ter\u00e1 a Banda Filhos da M\u00e3e como atra\u00e7\u00e3o \" src=\"https:\/\/portalv1.com.br\/app\/wp-content\/uploads\/2013\/03\/JOVEM-VIVA-.jpg\" width=\"300\" height=\"225\" \/><\/a><figcaption id=\"caption-attachment-15308\" class=\"wp-caption-text\">O show ter\u00e1 a Banda Filhos da M\u00e3e como atra\u00e7\u00e3o<\/figcaption><\/figure>\n<p>A Igreja cat\u00f3lica de Valen\u00e7a ir\u00e1 comemorar neste domingo (24), o Dia Mundial da Juventude. A programa\u00e7\u00e3o ter\u00e1 inicio com uma celebra\u00e7\u00e3o \u00e0s 17h na Igreja de S\u00e3o Francisco na COHAB, seguido de uma caminhada at\u00e9 a Igreja de Nossa Senhora do \u00d3 e Concei\u00e7\u00e3o, onde ser\u00e1 realizado um show com a banda Os Filhos da M\u00e3e. A organiza\u00e7\u00e3o convida os jovens de Valen\u00e7a e das cidades vizinhas para o evento religioso denominado de Jovem Viva F\u00e9.<\/p>\n","protected":false},"excerpt":{"rendered":"<p>A Igreja cat\u00f3lica de Valen\u00e7a ir\u00e1 comemorar neste domingo (24), o Dia Mundial da Juventude. A programa\u00e7\u00e3o ter\u00e1 inicio com uma celebra\u00e7\u00e3o \u00e0s 17h na Igreja de S\u00e3o Francisco na&#8230;<\/p>\n","protected":false},"author":1,"featured_media":0,"comment_status":"open","ping_status":"open","sticky":false,"template":"","format":"standard","meta":{"ngg_post_thumbnail":0,"footnotes":""},"categories":[252],"tags":[],"class_list":["post-15307","post","type-post","status-publish","format-standard","hentry","category-avozdopastor"],"views":803,"meta_data":{"thumb":"https:\/\/portalv1.com.br\/app\/wp-content\/uploads\/2013\/03\/JOVEM-VIVA-.jpg","data":{"simple":"22\/03\/2013","date_time":"22\/03\/2013 05:49:53","date":"h\u00e1 13 anos"},"chapeu":"Jovem Viva F\u00e9","source":"retirar"},"_links":{"self":[{"href":"https:\/\/portalv1.com.br\/api\/wp\/v2\/posts\/15307","targetHints":{"allow":["GET"]}}],"collection":[{"href":"https:\/\/portalv1.com.br\/api\/wp\/v2\/posts"}],"about":[{"href":"https:\/\/portalv1.com.br\/api\/wp\/v2\/types\/post"}],"author":[{"embeddable":true,"href":"https:\/\/portalv1.com.br\/api\/wp\/v2\/users\/1"}],"replies":[{"embeddable":true,"href":"https:\/\/portalv1.com.br\/api\/wp\/v2\/comments?post=15307"}],"version-history":[{"count":0,"href":"https:\/\/portalv1.com.br\/api\/wp\/v2\/posts\/15307\/revisions"}],"wp:attachment":[{"href":"https:\/\/portalv1.com.br\/api\/wp\/v2\/media?parent=15307"}],"wp:term":[{"taxonomy":"category","embeddable":true,"href":"https:\/\/portalv1.com.br\/api\/wp\/v2\/categories?post=15307"},{"taxonomy":"post_tag","embeddable":true,"href":"https:\/\/portalv1.com.br\/api\/wp\/v2\/tags?post=15307"}],"curies":[{"name":"wp","href":"https:\/\/api.w.org\/{rel}","templated":true}]}}