{"id":153341,"date":"2023-08-22T22:04:07","date_gmt":"2023-08-23T01:04:07","guid":{"rendered":"https:\/\/portalv1.com.br\/?p=153341"},"modified":"2023-08-22T22:04:07","modified_gmt":"2023-08-23T01:04:07","slug":"tce-da-prazo-para-que-prefeitura-de-pimenteiras-apresente-relatorio-de-gastos-com-empresa","status":"publish","type":"post","link":"https:\/\/portalv1.com.br\/tce-da-prazo-para-que-prefeitura-de-pimenteiras-apresente-relatorio-de-gastos-com-empresa\/","title":{"rendered":"TCE d\u00e1 prazo para que Prefeitura de Pimenteiras apresente relat\u00f3rio de gastos com empresa"},"content":{"rendered":"<p>Por determina\u00e7\u00e3o do Tribunal de Contas do Estado (TCE-PI), a gest\u00e3o da prefeita de Pimenteiras Maria L\u00facia de Lacerda, tem at\u00e9 setembro para apresentar \u00e0 Corte de Contas relat\u00f3rio de tomada de contas especial com o objetivo de identificar os contratos de maior valor entre 2016 e 2019 realizados entre o munic\u00edpio de Pimenteiras e a empresa George Maciel Engenharia LTDA, solicitando a presta\u00e7\u00e3o de contas dos respectivos contratos e averiguando a possibilidade de dano ao er\u00e1rio. A prefeitura teve 180 dias para realizar a fase interna do procedimento, com prazo de in\u00edcio em mar\u00e7o \u00faltimo.<\/p>\n<p>Segundo informa\u00e7\u00f5es de relat\u00f3rios internos do TCE, &#8220;George Gomes Maciel e Osm\u00eddio Maciel Gomes Filho s\u00e3o irm\u00e3os (parentesco de segundo grau na linha colateral) e ambos integraram a sociedade George Maciel Engenharia Ltda. at\u00e9 as v\u00e9speras do in\u00edcio do primeiro mandato do ent\u00e3o prefeito Ant\u00f4nio Ven\u00edcio do \u00d3 de Lima, referente ao quadri\u00eanio 2013\/2016, quando Osm\u00eddio se retirou do quadro societ\u00e1rio da empresa para ser secret\u00e1rio de Finan\u00e7as<\/p>\n<p>Numa inspe\u00e7\u00e3o realizada pelo tribunal ficou constatado que, embora n\u00e3o fosse oficialmente o ordenador da despesa das unidades or\u00e7ament\u00e1rias referentes \u00e0s Secretarias do Executivo, Osm\u00eddio Maciel Gomes Filho era o respons\u00e1vel pelas ordens de pagamento e o detentor da chave para movimenta\u00e7\u00e3o das contas da prefeitura junto \u00e0s institui\u00e7\u00f5es banc\u00e1rias.<\/p>\n<p>Ap\u00f3s a sa\u00edda de Osm\u00eddio Maciel Gomes Filho, a gest\u00e3o de Ven\u00edcio do \u00d3 passou a realizar contrata\u00e7\u00f5es da empresa. Nela permaneceram, como s\u00f3cios, o irm\u00e3o e a cunhada do ent\u00e3o secret\u00e1rio de Finan\u00e7as.<\/p>\n<p>Em procedimentos licitat\u00f3rios analisados por \u00f3rg\u00e3o t\u00e9cnico do TCE \u00e9 apontado que eles \u201cocorreram sem disputa e em um panorama de publicidade restritiva\u201d, ainda que \u201chouve o desempenho de atividades, de 2013 a 2015, que n\u00e3o faziam parte do rol de servi\u00e7os da sociedade empres\u00e1ria at\u00e9 as v\u00e9speras dessas contrata\u00e7\u00f5es, evidenciando a posse de informa\u00e7\u00f5es privilegiadas por parte dos administradores da pessoa jur\u00eddica contratada\u201d, com o ent\u00e3o homem forte do governo sendo, na pr\u00e1tica, quem executava os pagamentos e gerenciava as contas da prefeitura municipal.<\/p>\n<p>\u201cNesse contexto, restaram configurados o conflito de interesses e a viola\u00e7\u00e3o aos princ\u00edpios da moralidade e impessoalidade em rela\u00e7\u00e3o \u00e0s contrata\u00e7\u00f5es e pagamentos realizados em benef\u00edcio da empresa George Maciel Engenharia Ltda., envolvendo a pessoa jur\u00eddica e do ent\u00e3o Secret\u00e1rio de Finan\u00e7as do Munic\u00edpio de Pimenteiras, Sr. Osm\u00eddio Maciel Gomes Filho. Diante disso, mostra-se relevante a manuten\u00e7\u00e3o do processo de Tomada de Contas\u201d, chegou a opinar o Minist\u00e9rio P\u00fablico de Contas. O relator do caso \u00e9 o conselheiro substituto Jackson Nobre Veras.<\/p>\n<figure id=\"attachment_82781\" aria-describedby=\"caption-attachment-82781\" style=\"width: 640px\" class=\"wp-caption aligncenter\"><a href=\"https:\/\/portalv1.com.br\/app\/wp-content\/uploads\/2020\/01\/portal-de-pimenteiras.jpg\"><img loading=\"lazy\" decoding=\"async\" class=\"size-full wp-image-82781\" src=\"https:\/\/portalv1.com.br\/app\/wp-content\/uploads\/2020\/01\/portal-de-pimenteiras.jpg\" alt=\"\" width=\"640\" height=\"360\" srcset=\"https:\/\/portalv1.com.br\/app\/wp-content\/uploads\/2020\/01\/portal-de-pimenteiras.jpg 640w, https:\/\/portalv1.com.br\/app\/wp-content\/uploads\/2020\/01\/portal-de-pimenteiras-300x169.jpg 300w\" sizes=\"auto, (max-width: 640px) 100vw, 640px\" \/><\/a><figcaption id=\"caption-attachment-82781\" class=\"wp-caption-text\">Pimenteiras<\/figcaption><\/figure>\n<p>Fonte: 180graus<\/p>\n","protected":false},"excerpt":{"rendered":"<p>Por determina\u00e7\u00e3o do Tribunal de Contas do Estado (TCE-PI), a gest\u00e3o da prefeita de Pimenteiras Maria L\u00facia de Lacerda, tem at\u00e9 setembro para apresentar \u00e0 Corte de Contas relat\u00f3rio de&#8230;<\/p>\n","protected":false},"author":1,"featured_media":82781,"comment_status":"open","ping_status":"open","sticky":false,"template":"","format":"standard","meta":{"ngg_post_thumbnail":0,"footnotes":""},"categories":[243],"tags":[],"class_list":["post-153341","post","type-post","status-publish","format-standard","has-post-thumbnail","hentry","category-geral"],"views":1322,"meta_data":{"thumb":"https:\/\/portalv1.com.br\/app\/wp-content\/uploads\/2020\/01\/portal-de-pimenteiras.jpg","imagem":{"fullsize":{"url":"https:\/\/portalv1.com.br\/app\/wp-content\/uploads\/2020\/01\/portal-de-pimenteiras.jpg","width":640,"height":360},"medium":{"url":"https:\/\/portalv1.com.br\/app\/wp-content\/uploads\/2020\/01\/portal-de-pimenteiras-300x169.jpg","width":300,"height":169},"thumbnail":{"url":"https:\/\/portalv1.com.br\/app\/wp-content\/uploads\/2020\/01\/portal-de-pimenteiras-100x100.jpg","width":100,"height":100}},"data":{"simple":"22\/08\/2023","date_time":"22\/08\/2023 19:04:07","date":"h\u00e1 3 anos"},"chapeu":"Veja Motivos ","source":"slide"},"_links":{"self":[{"href":"https:\/\/portalv1.com.br\/api\/wp\/v2\/posts\/153341","targetHints":{"allow":["GET"]}}],"collection":[{"href":"https:\/\/portalv1.com.br\/api\/wp\/v2\/posts"}],"about":[{"href":"https:\/\/portalv1.com.br\/api\/wp\/v2\/types\/post"}],"author":[{"embeddable":true,"href":"https:\/\/portalv1.com.br\/api\/wp\/v2\/users\/1"}],"replies":[{"embeddable":true,"href":"https:\/\/portalv1.com.br\/api\/wp\/v2\/comments?post=153341"}],"version-history":[{"count":0,"href":"https:\/\/portalv1.com.br\/api\/wp\/v2\/posts\/153341\/revisions"}],"wp:featuredmedia":[{"embeddable":true,"href":"https:\/\/portalv1.com.br\/api\/wp\/v2\/media\/82781"}],"wp:attachment":[{"href":"https:\/\/portalv1.com.br\/api\/wp\/v2\/media?parent=153341"}],"wp:term":[{"taxonomy":"category","embeddable":true,"href":"https:\/\/portalv1.com.br\/api\/wp\/v2\/categories?post=153341"},{"taxonomy":"post_tag","embeddable":true,"href":"https:\/\/portalv1.com.br\/api\/wp\/v2\/tags?post=153341"}],"curies":[{"name":"wp","href":"https:\/\/api.w.org\/{rel}","templated":true}]}}