{"id":153604,"date":"2023-08-28T20:49:18","date_gmt":"2023-08-28T23:49:18","guid":{"rendered":"https:\/\/portalv1.com.br\/?p=153604"},"modified":"2023-08-28T20:51:01","modified_gmt":"2023-08-28T23:51:01","slug":"presidente-lula-visita-piaui-nesta-quinta-feira-veja-agenda","status":"publish","type":"post","link":"https:\/\/portalv1.com.br\/presidente-lula-visita-piaui-nesta-quinta-feira-veja-agenda\/","title":{"rendered":"Presidente Lula visita Piaui nesta quinta-feira. Veja agenda"},"content":{"rendered":"<p>O presidente Lula estar\u00e1 em Teresina na pr\u00f3xima quinta-feira (31) para participar de dois eventos, um fechado para convidados, e outro aberto onde vai falar para a popula\u00e7\u00e3o.<\/p>\n<p>Lula dever\u00e1 desembarcar no Piau\u00ed por volta das 10h e seguir\u00e1 para o Centro de Conven\u00e7\u00f5es onde ir\u00e1 lan\u00e7ar o Novo PAC no Piau\u00ed. No local, a entrada ser\u00e1 restrita para cerca de 700 convidados entre eles empres\u00e1rios, prefeitos, ministros, deputados, vereadores, lideran\u00e7as pol\u00edticas e comunit\u00e1rias.<\/p>\n<p>Logo depois ir\u00e1 almo\u00e7ar e, \u00e0s 16h, lan\u00e7ar\u00e1 o programa Brasil Sem Fome no Theresina Hall. O evento ser\u00e1 aberto ao p\u00fablico.<\/p>\n<p>A equipe do presidente Lula chega hoje em Teresina para fazer a seguran\u00e7a presidencial. H\u00e1 cerca de 10 dias, a equipe do Pal\u00e1cio de Karnak com o Pal\u00e1cio do Planalto mant\u00e9m reuni\u00f5es virtuais fechando a agenda do Lula.<\/p>\n<p>Uma das sugest\u00f5es aprovada, mas foi retirada da agenda de Lula, foi a visita a duplica\u00e7\u00e3o da BR-316 no trecho dentro de Teresina. Devido as altas temperaturas na cidade, chegando a mais de 40 graus, a visita a obra foi suspensa.&nbsp; &nbsp;<\/p>\n<p><a href=\"https:\/\/portalv1.com.br\/app\/wp-content\/uploads\/2023\/08\/lula.jpg\"><img loading=\"lazy\" decoding=\"async\" class=\"aligncenter size-large wp-image-153605\" src=\"https:\/\/portalv1.com.br\/app\/wp-content\/uploads\/2023\/08\/lula-640x405.jpg\" alt=\"\" width=\"600\" height=\"380\" srcset=\"https:\/\/portalv1.com.br\/app\/wp-content\/uploads\/2023\/08\/lula-640x405.jpg 640w, https:\/\/portalv1.com.br\/app\/wp-content\/uploads\/2023\/08\/lula-300x190.jpg 300w, https:\/\/portalv1.com.br\/app\/wp-content\/uploads\/2023\/08\/lula-768x486.jpg 768w, https:\/\/portalv1.com.br\/app\/wp-content\/uploads\/2023\/08\/lula.jpg 790w\" sizes=\"auto, (max-width: 600px) 100vw, 600px\" \/><\/a><\/p>\n<p>Fonte: cidadeverde.com<\/p>\n","protected":false},"excerpt":{"rendered":"<p>O presidente Lula estar\u00e1 em Teresina na pr\u00f3xima quinta-feira (31) para participar de dois eventos, um fechado para convidados, e outro aberto onde vai falar para a popula\u00e7\u00e3o. Lula dever\u00e1&#8230;<\/p>\n","protected":false},"author":1,"featured_media":143960,"comment_status":"open","ping_status":"open","sticky":false,"template":"","format":"standard","meta":{"ngg_post_thumbnail":0,"footnotes":""},"categories":[243],"tags":[],"class_list":["post-153604","post","type-post","status-publish","format-standard","has-post-thumbnail","hentry","category-geral"],"views":417,"meta_data":{"thumb":"https:\/\/portalv1.com.br\/app\/wp-content\/uploads\/2023\/04\/lula-1.jpg","imagem":{"fullsize":{"url":"https:\/\/portalv1.com.br\/app\/wp-content\/uploads\/2023\/04\/lula-1.jpg","width":1170,"height":700},"medium":{"url":"https:\/\/portalv1.com.br\/app\/wp-content\/uploads\/2023\/04\/lula-1-300x179.jpg","width":300,"height":179},"large":{"url":"https:\/\/portalv1.com.br\/app\/wp-content\/uploads\/2023\/04\/lula-1-640x383.jpg","width":640,"height":383},"thumbnail":{"url":"https:\/\/portalv1.com.br\/app\/wp-content\/uploads\/2023\/04\/lula-1-100x100.jpg","width":100,"height":100},"medium_large":{"url":"https:\/\/portalv1.com.br\/app\/wp-content\/uploads\/2023\/04\/lula-1-768x459.jpg","width":768,"height":459}},"data":{"simple":"28\/08\/2023","date_time":"28\/08\/2023 17:49:18","date":"h\u00e1 3 anos"},"chapeu":"No Piaui ","source":"m_destacada"},"_links":{"self":[{"href":"https:\/\/portalv1.com.br\/api\/wp\/v2\/posts\/153604","targetHints":{"allow":["GET"]}}],"collection":[{"href":"https:\/\/portalv1.com.br\/api\/wp\/v2\/posts"}],"about":[{"href":"https:\/\/portalv1.com.br\/api\/wp\/v2\/types\/post"}],"author":[{"embeddable":true,"href":"https:\/\/portalv1.com.br\/api\/wp\/v2\/users\/1"}],"replies":[{"embeddable":true,"href":"https:\/\/portalv1.com.br\/api\/wp\/v2\/comments?post=153604"}],"version-history":[{"count":0,"href":"https:\/\/portalv1.com.br\/api\/wp\/v2\/posts\/153604\/revisions"}],"wp:featuredmedia":[{"embeddable":true,"href":"https:\/\/portalv1.com.br\/api\/wp\/v2\/media\/143960"}],"wp:attachment":[{"href":"https:\/\/portalv1.com.br\/api\/wp\/v2\/media?parent=153604"}],"wp:term":[{"taxonomy":"category","embeddable":true,"href":"https:\/\/portalv1.com.br\/api\/wp\/v2\/categories?post=153604"},{"taxonomy":"post_tag","embeddable":true,"href":"https:\/\/portalv1.com.br\/api\/wp\/v2\/tags?post=153604"}],"curies":[{"name":"wp","href":"https:\/\/api.w.org\/{rel}","templated":true}]}}