{"id":15369,"date":"2013-03-31T10:49:34","date_gmt":"2013-03-31T13:49:34","guid":{"rendered":"https:\/\/portalv1.com.br\/?p=15369"},"modified":"2013-04-01T16:38:33","modified_gmt":"2013-04-01T19:38:33","slug":"apos-feriado-santo-valenca-volta-a-normalidade-nesta-segunda-feira","status":"publish","type":"post","link":"https:\/\/portalv1.com.br\/apos-feriado-santo-valenca-volta-a-normalidade-nesta-segunda-feira\/","title":{"rendered":"Ap\u00f3s feriado santo Valen\u00e7a volta \u00e0 normalidade nesta segunda-feira"},"content":{"rendered":"<figure id=\"attachment_1507\" aria-describedby=\"caption-attachment-1507\" style=\"width: 300px\" class=\"wp-caption alignright\"><a href=\"https:\/\/portalv1.com.br\/app\/wp-content\/uploads\/2009\/11\/valen\u00e7a.jpg\"><img loading=\"lazy\" decoding=\"async\" class=\"size-full wp-image-1507\" alt=\"Vista da cidade de Valen\u00e7a\" src=\"https:\/\/portalv1.com.br\/app\/wp-content\/uploads\/2009\/11\/valen\u00e7a.jpg\" width=\"300\" height=\"183\" \/><\/a><figcaption id=\"caption-attachment-1507\" class=\"wp-caption-text\">Vista da cidade de Valen\u00e7a<\/figcaption><\/figure>\n<p>Depois do feriado da Semana Santa, a cidade de Valen\u00e7a deve retornar a normalidade nesta segunda-feira, 01 de abril, \u201cDia da Mentira\u201d. Reparti\u00e7\u00f5es publicas, comercio, escolas, agencias bancarias voltam a impulsionar a cidade, ap\u00f3s o feriado santo. O terminal rodovi\u00e1rio nesse per\u00edodo ficou bastante movimentado at\u00e9 a quinta-feira com achegada e partida das pessoas que procuraram Valen\u00e7a e outros destinos para passar em fam\u00edlia a semana santa.<\/p>\n<p>Esse m\u00eas de abril n\u00e3o teremos feriados nacionais prolongados, o pr\u00f3ximo e \u00fanico feriado nacional ser\u00e1 dia 21 de abril (Tiradentes), mas ser\u00e1 um dia de domingo. O Dia do Trabalhador (1\u00ba de maio) ser\u00e1 em uma quarta-feira.<\/p>\n<p>Veja lista dos feriados e pontos facultativos federais em 2013<\/p>\n<table width=\"600\" border=\"0\" cellspacing=\"0\" cellpadding=\"0\">\n<tbody>\n<tr>\n<td valign=\"top\">21 de abril<\/td>\n<td valign=\"top\">Domingo<\/td>\n<td valign=\"top\">Tiradentes<\/td>\n<td valign=\"top\">Feriado nacional<\/td>\n<\/tr>\n<tr>\n<td valign=\"top\">1\u00ba de maio<\/td>\n<td valign=\"top\">Quarta-feira<\/td>\n<td valign=\"top\">Dia Mundial do Trabalho<\/td>\n<td valign=\"top\">Feriado nacional<\/td>\n<\/tr>\n<tr>\n<td valign=\"top\">30 de maio<\/td>\n<td valign=\"top\">Quinta-feira<\/td>\n<td valign=\"top\">Corpus Christi<\/td>\n<td valign=\"top\">Ponto facultativo<\/td>\n<\/tr>\n<tr>\n<td valign=\"top\">7 de setembro<\/td>\n<td valign=\"top\">S\u00e1bado<\/td>\n<td valign=\"top\">Independ\u00eancia do Brasil<\/td>\n<td valign=\"top\">Feriado nacional<\/td>\n<\/tr>\n<tr>\n<td valign=\"top\">12 de outubro<\/td>\n<td valign=\"top\">S\u00e1bado<\/td>\n<td valign=\"top\">Nossa Senhora Aparecida<\/td>\n<td valign=\"top\">Feriado nacional<\/td>\n<\/tr>\n<tr>\n<td valign=\"top\">28 de outubro<\/td>\n<td valign=\"top\">Segunda-feira<\/td>\n<td valign=\"top\">Dia do Servidor P\u00fablico<\/td>\n<td valign=\"top\">Ponto facultativo<\/td>\n<\/tr>\n<tr>\n<td valign=\"top\">2 de novembro<\/td>\n<td valign=\"top\">S\u00e1bado<\/td>\n<td valign=\"top\">Finados<\/td>\n<td valign=\"top\">Feriado nacional<\/td>\n<\/tr>\n<tr>\n<td valign=\"top\">15 de novembro<\/td>\n<td valign=\"top\">Sexta-feira<\/td>\n<td valign=\"top\">Proclama\u00e7\u00e3o da Rep\u00fablica<\/td>\n<td valign=\"top\">Feriado nacional<\/td>\n<\/tr>\n<tr>\n<td valign=\"top\">24 de dezembro<\/td>\n<td valign=\"top\">Ter\u00e7a-feira<\/td>\n<td valign=\"top\">V\u00e9spera de Natal<\/td>\n<td valign=\"top\">Ponto facultativo<\/td>\n<\/tr>\n<tr>\n<td valign=\"top\">25 de dezembro<\/td>\n<td valign=\"top\">Quarta-feira<\/td>\n<td valign=\"top\">Natal<\/td>\n<td valign=\"top\">Feriado nacional<\/td>\n<\/tr>\n<tr>\n<td valign=\"top\">31 de dezembro<\/td>\n<td valign=\"top\">Ter\u00e7a-feira<\/td>\n<td valign=\"top\">V\u00e9spera de Ano Novo<\/td>\n<td valign=\"top\">Ponto facultativo<\/td>\n<\/tr>\n<\/tbody>\n<\/table>\n","protected":false},"excerpt":{"rendered":"<p>Depois do feriado da Semana Santa, a cidade de Valen\u00e7a deve retornar a normalidade nesta segunda-feira, 01 de abril, \u201cDia da Mentira\u201d. Reparti\u00e7\u00f5es publicas, comercio, escolas, agencias bancarias voltam a&#8230;<\/p>\n","protected":false},"author":1,"featured_media":0,"comment_status":"open","ping_status":"open","sticky":false,"template":"","format":"standard","meta":{"ngg_post_thumbnail":0,"footnotes":""},"categories":[12],"tags":[],"class_list":["post-15369","post","type-post","status-publish","format-standard","hentry","category-valenca-news"],"views":448,"meta_data":{"thumb":"https:\/\/portalv1.com.br\/app\/wp-content\/uploads\/2009\/11\/valen\u00e7a.jpg","data":{"simple":"31\/03\/2013","date_time":"31\/03\/2013 07:49:34","date":"h\u00e1 13 anos"},"chapeu":"Semana Santa","source":"foto_menor"},"_links":{"self":[{"href":"https:\/\/portalv1.com.br\/api\/wp\/v2\/posts\/15369","targetHints":{"allow":["GET"]}}],"collection":[{"href":"https:\/\/portalv1.com.br\/api\/wp\/v2\/posts"}],"about":[{"href":"https:\/\/portalv1.com.br\/api\/wp\/v2\/types\/post"}],"author":[{"embeddable":true,"href":"https:\/\/portalv1.com.br\/api\/wp\/v2\/users\/1"}],"replies":[{"embeddable":true,"href":"https:\/\/portalv1.com.br\/api\/wp\/v2\/comments?post=15369"}],"version-history":[{"count":0,"href":"https:\/\/portalv1.com.br\/api\/wp\/v2\/posts\/15369\/revisions"}],"wp:attachment":[{"href":"https:\/\/portalv1.com.br\/api\/wp\/v2\/media?parent=15369"}],"wp:term":[{"taxonomy":"category","embeddable":true,"href":"https:\/\/portalv1.com.br\/api\/wp\/v2\/categories?post=15369"},{"taxonomy":"post_tag","embeddable":true,"href":"https:\/\/portalv1.com.br\/api\/wp\/v2\/tags?post=15369"}],"curies":[{"name":"wp","href":"https:\/\/api.w.org\/{rel}","templated":true}]}}