{"id":15395,"date":"2013-04-02T17:19:43","date_gmt":"2013-04-02T20:19:43","guid":{"rendered":"https:\/\/portalv1.com.br\/?p=15395"},"modified":"2013-04-05T09:40:43","modified_gmt":"2013-04-05T12:40:43","slug":"detran-e-policia-celebram-convenio-para-fiscalizar-transito-em-valenca","status":"publish","type":"post","link":"https:\/\/portalv1.com.br\/detran-e-policia-celebram-convenio-para-fiscalizar-transito-em-valenca\/","title":{"rendered":"DETRAN e Policia celebram convenio para fiscalizar transito em Valen\u00e7a"},"content":{"rendered":"<p>O comandante da 2\u00aa Companhia do 4\u00aa Batalh\u00e3o da Policia Militar, tenente Jo\u00e3o da Cruz informou que foi celebrado um convenio entre a companhia de policia e o DETRAN, que resultar\u00e1 em varias opera\u00e7\u00f5es visando diminuir o numero de acidentes e outras irregularidades no transito local. O uso de capacetes, documenta\u00e7\u00e3o e condutores menores de idade est\u00e3o na mira das opera\u00e7\u00f5es.<\/p>\n<p>Os vereadores reagiram \u00e0 celebra\u00e7\u00e3o do convenio e pediram mais tempo para o inicio das atividades. Segundo os vereadores a medida \u00e9 importante, mas \u00e9 preciso iniciar com opera\u00e7\u00f5es preventivas para depois iniciar as cobran\u00e7as.<\/p>\n<p>O vereador Jos\u00e9 Itamar (PMDB) enalteceu a iniciativa e criticou a omiss\u00e3o da prefeitura. De acordo com o vereador essa interven\u00e7\u00e3o s\u00f3 acontece porque a prefeitura n\u00e3o assumi a municipaliza\u00e7\u00e3o do tr\u00e2nsito. No oficio enviado ao Legislativo Municipal n\u00e3o foi informado se o DETRAN ir\u00e1 sinalizar a cidade ou se apenas ir\u00e1 arrecadar o dinheiro dos nossos condutores.<\/p>\n","protected":false},"excerpt":{"rendered":"<p>O comandante da 2\u00aa Companhia do 4\u00aa Batalh\u00e3o da Policia Militar, tenente Jo\u00e3o da Cruz informou que foi celebrado um convenio entre a companhia de policia e o DETRAN, que&#8230;<\/p>\n","protected":false},"author":1,"featured_media":0,"comment_status":"open","ping_status":"open","sticky":false,"template":"","format":"standard","meta":{"ngg_post_thumbnail":0,"footnotes":""},"categories":[243],"tags":[],"class_list":["post-15395","post","type-post","status-publish","format-standard","hentry","category-geral"],"views":859,"meta_data":{"thumb":"https:\/\/portalv1.com.br\/app\/wp-content\/uploads\/2013\/02\/valen\u00e7a.jpg","data":{"simple":"02\/04\/2013","date_time":"02\/04\/2013 14:19:43","date":"h\u00e1 13 anos"},"chapeu":"Fiscaliza\u00e7\u00e3o             ","source":"retirar"},"_links":{"self":[{"href":"https:\/\/portalv1.com.br\/api\/wp\/v2\/posts\/15395","targetHints":{"allow":["GET"]}}],"collection":[{"href":"https:\/\/portalv1.com.br\/api\/wp\/v2\/posts"}],"about":[{"href":"https:\/\/portalv1.com.br\/api\/wp\/v2\/types\/post"}],"author":[{"embeddable":true,"href":"https:\/\/portalv1.com.br\/api\/wp\/v2\/users\/1"}],"replies":[{"embeddable":true,"href":"https:\/\/portalv1.com.br\/api\/wp\/v2\/comments?post=15395"}],"version-history":[{"count":0,"href":"https:\/\/portalv1.com.br\/api\/wp\/v2\/posts\/15395\/revisions"}],"wp:attachment":[{"href":"https:\/\/portalv1.com.br\/api\/wp\/v2\/media?parent=15395"}],"wp:term":[{"taxonomy":"category","embeddable":true,"href":"https:\/\/portalv1.com.br\/api\/wp\/v2\/categories?post=15395"},{"taxonomy":"post_tag","embeddable":true,"href":"https:\/\/portalv1.com.br\/api\/wp\/v2\/tags?post=15395"}],"curies":[{"name":"wp","href":"https:\/\/api.w.org\/{rel}","templated":true}]}}