{"id":15396,"date":"2013-04-02T17:29:16","date_gmt":"2013-04-02T20:29:16","guid":{"rendered":"https:\/\/portalv1.com.br\/?p=15396"},"modified":"2013-04-03T07:12:55","modified_gmt":"2013-04-03T10:12:55","slug":"margarete-coelho-quer-criacao-de-secretaria-de-politicas-paras-mulheres","status":"publish","type":"post","link":"https:\/\/portalv1.com.br\/margarete-coelho-quer-criacao-de-secretaria-de-politicas-paras-mulheres\/","title":{"rendered":"Margarete Coelho quer cria\u00e7\u00e3o de secretaria de pol\u00edticas paras Mulheres"},"content":{"rendered":"<figure id=\"attachment_15397\" aria-describedby=\"caption-attachment-15397\" style=\"width: 300px\" class=\"wp-caption alignright\"><a href=\"https:\/\/portalv1.com.br\/app\/wp-content\/uploads\/2013\/04\/margarete.jpg\"><img loading=\"lazy\" decoding=\"async\" class=\"size-medium wp-image-15397\" alt=\"Margarete Coelho \" src=\"https:\/\/portalv1.com.br\/app\/wp-content\/uploads\/2013\/04\/margarete-300x226.jpg\" width=\"300\" height=\"226\" srcset=\"https:\/\/portalv1.com.br\/app\/wp-content\/uploads\/2013\/04\/margarete-300x226.jpg 300w, https:\/\/portalv1.com.br\/app\/wp-content\/uploads\/2013\/04\/margarete.jpg 455w\" sizes=\"auto, (max-width: 300px) 100vw, 300px\" \/><\/a><figcaption id=\"caption-attachment-15397\" class=\"wp-caption-text\">Margarete Coelho<\/figcaption><\/figure>\n<p>A Deputada Margarete Coelho apresentou Projeto de Indicativo de Lei dispondo sobre a cria\u00e7\u00e3o da Secretaria Estadual de Pol\u00edticas para as Mulheres. O projeto foi lido na sess\u00e3o realizada nesta ter\u00e7a-feira (02) na Assembleia Legislativa do Piau\u00ed (Alepi).<\/p>\n<p>A proposta \u00e9 resultado da reuni\u00e3o da C\u00e2mara T\u00e9cnica de Enfrentamento da Viol\u00eancia Contra a Mulher, realizada com o Governador Wilson Martins. O objetivo da rede \u00e9 fortalecer a assist\u00eancia de apoio ao g\u00eanero.<\/p>\n<p>A parlamentar opinou que os problemas das mulheres devem ser enfrentados em todos os setores da administra\u00e7\u00e3o p\u00fablica como educa\u00e7\u00e3o, sa\u00fade e seguran\u00e7a. A deputada criticou que a assist\u00eancia n\u00e3o deve ser restrita a assist\u00eancia social. O Projeto foi encaminhado \u00e0 Comiss\u00e3o de Constitui\u00e7\u00e3o e Justi\u00e7a, iniciando tramita\u00e7\u00e3o na ALEPI.<\/p>\n<p>&nbsp;<\/p>\n<p>Fonte: cidadeverde<\/p>\n<p>&nbsp;<\/p>\n","protected":false},"excerpt":{"rendered":"<p>A Deputada Margarete Coelho apresentou Projeto de Indicativo de Lei dispondo sobre a cria\u00e7\u00e3o da Secretaria Estadual de Pol\u00edticas para as Mulheres. O projeto foi lido na sess\u00e3o realizada nesta&#8230;<\/p>\n","protected":false},"author":1,"featured_media":0,"comment_status":"open","ping_status":"open","sticky":false,"template":"","format":"standard","meta":{"ngg_post_thumbnail":0,"footnotes":""},"categories":[12],"tags":[],"class_list":["post-15396","post","type-post","status-publish","format-standard","hentry","category-valenca-news"],"views":253,"meta_data":{"thumb":"https:\/\/portalv1.com.br\/app\/wp-content\/uploads\/2013\/04\/margarete.jpg","data":{"simple":"02\/04\/2013","date_time":"02\/04\/2013 14:29:16","date":"h\u00e1 13 anos"},"chapeu":"Margarete","source":"foto_menor"},"_links":{"self":[{"href":"https:\/\/portalv1.com.br\/api\/wp\/v2\/posts\/15396","targetHints":{"allow":["GET"]}}],"collection":[{"href":"https:\/\/portalv1.com.br\/api\/wp\/v2\/posts"}],"about":[{"href":"https:\/\/portalv1.com.br\/api\/wp\/v2\/types\/post"}],"author":[{"embeddable":true,"href":"https:\/\/portalv1.com.br\/api\/wp\/v2\/users\/1"}],"replies":[{"embeddable":true,"href":"https:\/\/portalv1.com.br\/api\/wp\/v2\/comments?post=15396"}],"version-history":[{"count":0,"href":"https:\/\/portalv1.com.br\/api\/wp\/v2\/posts\/15396\/revisions"}],"wp:attachment":[{"href":"https:\/\/portalv1.com.br\/api\/wp\/v2\/media?parent=15396"}],"wp:term":[{"taxonomy":"category","embeddable":true,"href":"https:\/\/portalv1.com.br\/api\/wp\/v2\/categories?post=15396"},{"taxonomy":"post_tag","embeddable":true,"href":"https:\/\/portalv1.com.br\/api\/wp\/v2\/tags?post=15396"}],"curies":[{"name":"wp","href":"https:\/\/api.w.org\/{rel}","templated":true}]}}