{"id":15409,"date":"2013-04-03T22:06:06","date_gmt":"2013-04-04T01:06:06","guid":{"rendered":"https:\/\/portalv1.com.br\/?p=15409"},"modified":"2013-04-06T13:09:04","modified_gmt":"2013-04-06T16:09:04","slug":"15409","status":"publish","type":"post","link":"https:\/\/portalv1.com.br\/15409\/","title":{"rendered":"Prefeito Walfredo Filho escolheu seu l\u00edder no parlamento. Veja"},"content":{"rendered":"<figure id=\"attachment_15410\" aria-describedby=\"caption-attachment-15410\" style=\"width: 300px\" class=\"wp-caption alignright\"><a href=\"https:\/\/portalv1.com.br\/app\/wp-content\/uploads\/2013\/04\/walfredo.jpg\"><img loading=\"lazy\" decoding=\"async\" class=\"size-medium wp-image-15410\" alt=\"prefeito Walfredo Filho \" src=\"https:\/\/portalv1.com.br\/app\/wp-content\/uploads\/2013\/04\/walfredo-300x225.jpg\" width=\"300\" height=\"225\" srcset=\"https:\/\/portalv1.com.br\/app\/wp-content\/uploads\/2013\/04\/walfredo-300x225.jpg 300w, https:\/\/portalv1.com.br\/app\/wp-content\/uploads\/2013\/04\/walfredo.jpg 600w\" sizes=\"auto, (max-width: 300px) 100vw, 300px\" \/><\/a><figcaption id=\"caption-attachment-15410\" class=\"wp-caption-text\">prefeito Walfredo Filho<\/figcaption><\/figure>\n<p>O prefeito Walfredo Filho (PSB) indicou o vereador Wilton Nunes (PSB) para l\u00edder do prefeito na c\u00e2mara municipal. A indica\u00e7\u00e3o foi oficializada nesta segunda-feira (01) durante a sess\u00e3o ordin\u00e1ria do Poder Legislativo. O vereador Lucivaldo Monteiro foi indicado como vice-l\u00edder pelo prefeito municipal.<\/p>\n<p>J\u00e1 o vereador Benedito Gomes assumir\u00e1 a lideran\u00e7a do PSB na casa legislativa. Wilton Nunes que \u00e9 primeiro secret\u00e1rio da c\u00e2mara municipal n\u00e3o comentou sobre a indica\u00e7\u00e3o do seu nome como interlocutor do prefeito na c\u00e2mara de vereadores.<\/p>\n","protected":false},"excerpt":{"rendered":"<p>O prefeito Walfredo Filho (PSB) indicou o vereador Wilton Nunes (PSB) para l\u00edder do prefeito na c\u00e2mara municipal. A indica\u00e7\u00e3o foi oficializada nesta segunda-feira (01) durante a sess\u00e3o ordin\u00e1ria do&#8230;<\/p>\n","protected":false},"author":1,"featured_media":0,"comment_status":"open","ping_status":"open","sticky":false,"template":"","format":"standard","meta":{"ngg_post_thumbnail":0,"footnotes":""},"categories":[12],"tags":[],"class_list":["post-15409","post","type-post","status-publish","format-standard","hentry","category-valenca-news"],"views":673,"meta_data":{"thumb":"https:\/\/portalv1.com.br\/app\/wp-content\/uploads\/2013\/04\/walfredo.jpg","data":{"simple":"03\/04\/2013","date_time":"03\/04\/2013 19:06:06","date":"h\u00e1 13 anos"},"chapeu":"Poder Legislativo","source":"foto_menor"},"_links":{"self":[{"href":"https:\/\/portalv1.com.br\/api\/wp\/v2\/posts\/15409","targetHints":{"allow":["GET"]}}],"collection":[{"href":"https:\/\/portalv1.com.br\/api\/wp\/v2\/posts"}],"about":[{"href":"https:\/\/portalv1.com.br\/api\/wp\/v2\/types\/post"}],"author":[{"embeddable":true,"href":"https:\/\/portalv1.com.br\/api\/wp\/v2\/users\/1"}],"replies":[{"embeddable":true,"href":"https:\/\/portalv1.com.br\/api\/wp\/v2\/comments?post=15409"}],"version-history":[{"count":0,"href":"https:\/\/portalv1.com.br\/api\/wp\/v2\/posts\/15409\/revisions"}],"wp:attachment":[{"href":"https:\/\/portalv1.com.br\/api\/wp\/v2\/media?parent=15409"}],"wp:term":[{"taxonomy":"category","embeddable":true,"href":"https:\/\/portalv1.com.br\/api\/wp\/v2\/categories?post=15409"},{"taxonomy":"post_tag","embeddable":true,"href":"https:\/\/portalv1.com.br\/api\/wp\/v2\/tags?post=15409"}],"curies":[{"name":"wp","href":"https:\/\/api.w.org\/{rel}","templated":true}]}}