{"id":154442,"date":"2023-09-09T13:32:29","date_gmt":"2023-09-09T16:32:29","guid":{"rendered":"https:\/\/portalv1.com.br\/?p=154442"},"modified":"2023-09-09T13:39:21","modified_gmt":"2023-09-09T16:39:21","slug":"assembleia-de-deus-ministerio-madenopi-realizara-evento-no-dia-23-na-praca-do-novo-horizonte","status":"publish","type":"post","link":"https:\/\/portalv1.com.br\/assembleia-de-deus-ministerio-madenopi-realizara-evento-no-dia-23-na-praca-do-novo-horizonte\/","title":{"rendered":"Assembleia de Deus Minist\u00e9rio Madenopi realizar\u00e1 evento no dia 23 na Pra\u00e7a do Novo Horizonte"},"content":{"rendered":"<p>A Assembleia de Deus Minist\u00e9rio Madenopi aqui de Valen\u00e7a do Piaui prepara para o dia 23 de setembro, a 1\u00aa Confer\u00eancia Circulo de Ora\u00e7\u00e3o na Pra\u00e7a Norberto Dino Barbosa (Pra\u00e7a do bairro Novo Horizonte).<\/p>\n<p>A programa\u00e7\u00e3o come\u00e7a \u00e0s 17h com desfile saindo da Congrega\u00e7\u00e3o na Rua Sol Nascente no bairro Novo Horizonte com a participa\u00e7\u00e3o de banda de m\u00fasica, bandeiras, guarda bandeiras e faixas.<\/p>\n<p>\u00c0s 19h acontecer\u00e1 culto em a\u00e7\u00e3o de gra\u00e7as com a participa\u00e7\u00e3o de conjunto ministerial e locais, pastores e cantores e a presen\u00e7a do pastor presidente da Assembleia de Deus Minist\u00e9rio Madenopi, Sebastiao Pereira da Silva.<\/p>\n<p>O pastor Edivaldo Miranda que assume a congrega\u00e7\u00e3o de Valen\u00e7a do Piaui convidou a popula\u00e7\u00e3o e mais igrejas.<\/p>\n<p>\u201cGostaria de convidar a toda popula\u00e7\u00e3o valenciana e as igrejas irm\u00e3s para participar conosco da primeira confer\u00eancia do c\u00edrculo de ora\u00e7\u00e3o na cidade de Valen\u00e7a do Piau\u00ed, que ser\u00e1 realizado dia 23 de Setembro por n\u00f3s que fazemos parte do Minist\u00e9rio Madenopi da congrega\u00e7\u00e3o do bairro Novo Horizonte, venha se fazer presente nessa grande festa\u201d convidou o pastor.<\/p>\n<p><a href=\"https:\/\/portalv1.com.br\/app\/wp-content\/uploads\/2023\/09\/9155e5cf-7d8a-4f0d-976b-192811cce6f9.jpg\"><img loading=\"lazy\" decoding=\"async\" class=\"aligncenter size-large wp-image-154441\" src=\"https:\/\/portalv1.com.br\/app\/wp-content\/uploads\/2023\/09\/9155e5cf-7d8a-4f0d-976b-192811cce6f9-640x853.jpg\" alt=\"\" width=\"600\" height=\"800\" srcset=\"https:\/\/portalv1.com.br\/app\/wp-content\/uploads\/2023\/09\/9155e5cf-7d8a-4f0d-976b-192811cce6f9-640x853.jpg 640w, https:\/\/portalv1.com.br\/app\/wp-content\/uploads\/2023\/09\/9155e5cf-7d8a-4f0d-976b-192811cce6f9-300x400.jpg 300w, https:\/\/portalv1.com.br\/app\/wp-content\/uploads\/2023\/09\/9155e5cf-7d8a-4f0d-976b-192811cce6f9-768x1024.jpg 768w, https:\/\/portalv1.com.br\/app\/wp-content\/uploads\/2023\/09\/9155e5cf-7d8a-4f0d-976b-192811cce6f9.jpg 960w\" sizes=\"auto, (max-width: 600px) 100vw, 600px\" \/><\/a><\/p>\n<p><a href=\"https:\/\/portalv1.com.br\/app\/wp-content\/uploads\/2023\/09\/WhatsApp-Image-2023-09-09-at-10.39.55.jpeg\"><img loading=\"lazy\" decoding=\"async\" class=\"aligncenter size-large wp-image-154440\" src=\"https:\/\/portalv1.com.br\/app\/wp-content\/uploads\/2023\/09\/WhatsApp-Image-2023-09-09-at-10.39.55-640x905.jpeg\" alt=\"\" width=\"600\" height=\"848\" srcset=\"https:\/\/portalv1.com.br\/app\/wp-content\/uploads\/2023\/09\/WhatsApp-Image-2023-09-09-at-10.39.55-640x905.jpeg 640w, https:\/\/portalv1.com.br\/app\/wp-content\/uploads\/2023\/09\/WhatsApp-Image-2023-09-09-at-10.39.55-300x424.jpeg 300w, https:\/\/portalv1.com.br\/app\/wp-content\/uploads\/2023\/09\/WhatsApp-Image-2023-09-09-at-10.39.55-768x1086.jpeg 768w, https:\/\/portalv1.com.br\/app\/wp-content\/uploads\/2023\/09\/WhatsApp-Image-2023-09-09-at-10.39.55-1086x1536.jpeg 1086w, https:\/\/portalv1.com.br\/app\/wp-content\/uploads\/2023\/09\/WhatsApp-Image-2023-09-09-at-10.39.55.jpeg 1131w\" sizes=\"auto, (max-width: 600px) 100vw, 600px\" \/><\/a><\/p>\n","protected":false},"excerpt":{"rendered":"<p>A Assembleia de Deus Minist\u00e9rio Madenopi aqui de Valen\u00e7a do Piaui prepara para o dia 23 de setembro, a 1\u00aa Confer\u00eancia Circulo de Ora\u00e7\u00e3o na Pra\u00e7a Norberto Dino Barbosa (Pra\u00e7a&#8230;<\/p>\n","protected":false},"author":1,"featured_media":154447,"comment_status":"open","ping_status":"open","sticky":false,"template":"","format":"standard","meta":{"ngg_post_thumbnail":0,"footnotes":""},"categories":[243],"tags":[],"class_list":["post-154442","post","type-post","status-publish","format-standard","has-post-thumbnail","hentry","category-geral"],"views":474,"meta_data":{"thumb":"https:\/\/portalv1.com.br\/app\/wp-content\/uploads\/2023\/09\/WhatsApp-Image-2023-09-09-at-13.35.55.jpeg","imagem":{"fullsize":{"url":"https:\/\/portalv1.com.br\/app\/wp-content\/uploads\/2023\/09\/WhatsApp-Image-2023-09-09-at-13.35.55.jpeg","width":960,"height":655},"medium":{"url":"https:\/\/portalv1.com.br\/app\/wp-content\/uploads\/2023\/09\/WhatsApp-Image-2023-09-09-at-13.35.55-300x205.jpeg","width":300,"height":205},"large":{"url":"https:\/\/portalv1.com.br\/app\/wp-content\/uploads\/2023\/09\/WhatsApp-Image-2023-09-09-at-13.35.55-640x437.jpeg","width":640,"height":437},"thumbnail":{"url":"https:\/\/portalv1.com.br\/app\/wp-content\/uploads\/2023\/09\/WhatsApp-Image-2023-09-09-at-13.35.55-100x100.jpeg","width":100,"height":100},"medium_large":{"url":"https:\/\/portalv1.com.br\/app\/wp-content\/uploads\/2023\/09\/WhatsApp-Image-2023-09-09-at-13.35.55-768x524.jpeg","width":768,"height":524}},"data":{"simple":"09\/09\/2023","date_time":"09\/09\/2023 10:32:29","date":"h\u00e1 3 anos"},"chapeu":"Saiba Detalhes ","source":"slide"},"_links":{"self":[{"href":"https:\/\/portalv1.com.br\/api\/wp\/v2\/posts\/154442","targetHints":{"allow":["GET"]}}],"collection":[{"href":"https:\/\/portalv1.com.br\/api\/wp\/v2\/posts"}],"about":[{"href":"https:\/\/portalv1.com.br\/api\/wp\/v2\/types\/post"}],"author":[{"embeddable":true,"href":"https:\/\/portalv1.com.br\/api\/wp\/v2\/users\/1"}],"replies":[{"embeddable":true,"href":"https:\/\/portalv1.com.br\/api\/wp\/v2\/comments?post=154442"}],"version-history":[{"count":0,"href":"https:\/\/portalv1.com.br\/api\/wp\/v2\/posts\/154442\/revisions"}],"wp:featuredmedia":[{"embeddable":true,"href":"https:\/\/portalv1.com.br\/api\/wp\/v2\/media\/154447"}],"wp:attachment":[{"href":"https:\/\/portalv1.com.br\/api\/wp\/v2\/media?parent=154442"}],"wp:term":[{"taxonomy":"category","embeddable":true,"href":"https:\/\/portalv1.com.br\/api\/wp\/v2\/categories?post=154442"},{"taxonomy":"post_tag","embeddable":true,"href":"https:\/\/portalv1.com.br\/api\/wp\/v2\/tags?post=154442"}],"curies":[{"name":"wp","href":"https:\/\/api.w.org\/{rel}","templated":true}]}}