{"id":154448,"date":"2023-09-09T15:10:30","date_gmt":"2023-09-09T18:10:30","guid":{"rendered":"https:\/\/portalv1.com.br\/?p=154448"},"modified":"2023-09-09T15:10:30","modified_gmt":"2023-09-09T18:10:30","slug":"prefeitura-de-varzea-grande-comemora-os-201-anos-da-independencia-do-brasil","status":"publish","type":"post","link":"https:\/\/portalv1.com.br\/prefeitura-de-varzea-grande-comemora-os-201-anos-da-independencia-do-brasil\/","title":{"rendered":"Prefeitura de V\u00e1rzea Grande comemora os 201 anos da Independ\u00eancia do Brasil"},"content":{"rendered":"<p>Os 201 anos da Independ\u00eancia do Brasil foram comemorados com um belo ato c\u00edvico na cidade de V\u00e1rzea Grande. O prefeito Dr. Segundo juntamente com a equipe administrativa prestigiou o desfile que percorreu as ruas da cidade com as vias lotadas pelo p\u00fablico que se emocionaram com os temas apresentados.<\/p>\n<p>O prefeito Dr. Segundo lembrou que a Independ\u00eancia do Brasil foi marcada pela luta de muitas mulheres e homens brasileiros.&nbsp;<\/p>\n<p>\u201cQuero lembrar que o processo de independ\u00eancia n\u00e3o foi um processo pac\u00edfico, foi feito as duras penas de todos os Tiradentes, de todos os negros, de todas as Marias Quit\u00e9ria, em nome de todos eles \u00e9 que estamos aqui hoje unidos numa p\u00e1tria e o munic\u00edpio de V\u00e1rzea Grande celebra as flores do Brasil, porque hoje \u00e9 um momento de honra e de orgulho\u201d, afirmou o gestor que agradeceu todos os envolvidos no desfile.<\/p>\n<p>\u201cQuero aqui saudar todos os professores, todos que participaram, parabenizar os alunos que participaram desse ato c\u00edvico de amor pelo Brasil\u201d, agradeceu o prefeito.<\/p>\n<div class=\"ngg-galleryoverview\" id=\"1\">\n                    <div data-widget=\"Galeria\" data-props=\"{&quot;galeria&quot;:{&quot;max_page&quot;:1,&quot;total&quot;:12,&quot;gallery_id&quot;:1,&quot;images&quot;:[{&quot;thumbcode&quot;:&quot;https:\\\/\\\/portalv1.com.br\\\/app\\\/wp-content\\\/uploads\\\/2023\\\/09\\\/0bfe133a-de5c-42e7-9e23-6a80e05e207b-Copy-400x250.jpg&quot;,&quot;imageURL&quot;:&quot;https:\\\/\\\/portalv1.com.br\\\/app\\\/wp-content\\\/uploads\\\/2023\\\/09\\\/0bfe133a-de5c-42e7-9e23-6a80e05e207b-Copy.jpg&quot;,&quot;pid&quot;:154449,&quot;galleryid&quot;:1,&quot;description&quot;:&quot;&quot;,&quot;alttext&quot;:&quot;Prefeitura de V\\u00e1rzea Grande comemora os 201 anos da Independ\\u00eancia do Brasil&quot;,&quot;thumbnailURL&quot;:&quot;https:\\\/\\\/portalv1.com.br\\\/app\\\/wp-content\\\/uploads\\\/2023\\\/09\\\/0bfe133a-de5c-42e7-9e23-6a80e05e207b-Copy-400x250.jpg&quot;,&quot;style&quot;:&quot;&quot;},{&quot;thumbcode&quot;:&quot;https:\\\/\\\/portalv1.com.br\\\/app\\\/wp-content\\\/uploads\\\/2023\\\/09\\\/5b44b776-6672-4adb-9afa-45fbbb235a09-Copy-400x250.jpg&quot;,&quot;imageURL&quot;:&quot;https:\\\/\\\/portalv1.com.br\\\/app\\\/wp-content\\\/uploads\\\/2023\\\/09\\\/5b44b776-6672-4adb-9afa-45fbbb235a09-Copy.jpg&quot;,&quot;pid&quot;:154450,&quot;galleryid&quot;:1,&quot;description&quot;:&quot;&quot;,&quot;alttext&quot;:&quot;Prefeitura de V\\u00e1rzea Grande comemora os 201 anos da Independ\\u00eancia do Brasil&quot;,&quot;thumbnailURL&quot;:&quot;https:\\\/\\\/portalv1.com.br\\\/app\\\/wp-content\\\/uploads\\\/2023\\\/09\\\/5b44b776-6672-4adb-9afa-45fbbb235a09-Copy-400x250.jpg&quot;,&quot;style&quot;:&quot;&quot;},{&quot;thumbcode&quot;:&quot;https:\\\/\\\/portalv1.com.br\\\/app\\\/wp-content\\\/uploads\\\/2023\\\/09\\\/8ec6f9db-a0c2-41e9-90ef-e82c2d2becd9-Copy-400x250.jpg&quot;,&quot;imageURL&quot;:&quot;https:\\\/\\\/portalv1.com.br\\\/app\\\/wp-content\\\/uploads\\\/2023\\\/09\\\/8ec6f9db-a0c2-41e9-90ef-e82c2d2becd9-Copy.jpg&quot;,&quot;pid&quot;:154451,&quot;galleryid&quot;:1,&quot;description&quot;:&quot;&quot;,&quot;alttext&quot;:&quot;Prefeitura de V\\u00e1rzea Grande comemora os 201 anos da Independ\\u00eancia do Brasil&quot;,&quot;thumbnailURL&quot;:&quot;https:\\\/\\\/portalv1.com.br\\\/app\\\/wp-content\\\/uploads\\\/2023\\\/09\\\/8ec6f9db-a0c2-41e9-90ef-e82c2d2becd9-Copy-400x250.jpg&quot;,&quot;style&quot;:&quot;&quot;},{&quot;thumbcode&quot;:&quot;https:\\\/\\\/portalv1.com.br\\\/app\\\/wp-content\\\/uploads\\\/2023\\\/09\\\/22f9d6d0-3713-46be-89c4-ae9577569881-Copy-400x250.jpg&quot;,&quot;imageURL&quot;:&quot;https:\\\/\\\/portalv1.com.br\\\/app\\\/wp-content\\\/uploads\\\/2023\\\/09\\\/22f9d6d0-3713-46be-89c4-ae9577569881-Copy.jpg&quot;,&quot;pid&quot;:154452,&quot;galleryid&quot;:1,&quot;description&quot;:&quot;&quot;,&quot;alttext&quot;:&quot;Prefeitura de V\\u00e1rzea Grande comemora os 201 anos da Independ\\u00eancia do Brasil&quot;,&quot;thumbnailURL&quot;:&quot;https:\\\/\\\/portalv1.com.br\\\/app\\\/wp-content\\\/uploads\\\/2023\\\/09\\\/22f9d6d0-3713-46be-89c4-ae9577569881-Copy-400x250.jpg&quot;,&quot;style&quot;:&quot;&quot;},{&quot;thumbcode&quot;:&quot;https:\\\/\\\/portalv1.com.br\\\/app\\\/wp-content\\\/uploads\\\/2023\\\/09\\\/50f25979-490e-4fa6-a8a1-d96020b9eeae-Copy-400x250.jpg&quot;,&quot;imageURL&quot;:&quot;https:\\\/\\\/portalv1.com.br\\\/app\\\/wp-content\\\/uploads\\\/2023\\\/09\\\/50f25979-490e-4fa6-a8a1-d96020b9eeae-Copy.jpg&quot;,&quot;pid&quot;:154453,&quot;galleryid&quot;:1,&quot;description&quot;:&quot;&quot;,&quot;alttext&quot;:&quot;Prefeitura de V\\u00e1rzea Grande comemora os 201 anos da Independ\\u00eancia do Brasil&quot;,&quot;thumbnailURL&quot;:&quot;https:\\\/\\\/portalv1.com.br\\\/app\\\/wp-content\\\/uploads\\\/2023\\\/09\\\/50f25979-490e-4fa6-a8a1-d96020b9eeae-Copy-400x250.jpg&quot;,&quot;style&quot;:&quot;&quot;},{&quot;thumbcode&quot;:&quot;https:\\\/\\\/portalv1.com.br\\\/app\\\/wp-content\\\/uploads\\\/2023\\\/09\\\/57f2b747-6777-445b-8c3c-2ab97082d2ad-Copy-400x250.jpg&quot;,&quot;imageURL&quot;:&quot;https:\\\/\\\/portalv1.com.br\\\/app\\\/wp-content\\\/uploads\\\/2023\\\/09\\\/57f2b747-6777-445b-8c3c-2ab97082d2ad-Copy.jpg&quot;,&quot;pid&quot;:154454,&quot;galleryid&quot;:1,&quot;description&quot;:&quot;&quot;,&quot;alttext&quot;:&quot;Prefeitura de V\\u00e1rzea Grande comemora os 201 anos da Independ\\u00eancia do Brasil&quot;,&quot;thumbnailURL&quot;:&quot;https:\\\/\\\/portalv1.com.br\\\/app\\\/wp-content\\\/uploads\\\/2023\\\/09\\\/57f2b747-6777-445b-8c3c-2ab97082d2ad-Copy-400x250.jpg&quot;,&quot;style&quot;:&quot;&quot;},{&quot;thumbcode&quot;:&quot;https:\\\/\\\/portalv1.com.br\\\/app\\\/wp-content\\\/uploads\\\/2023\\\/09\\\/9700ab07-983c-4729-8ee2-4724c83d04c6-Copy-400x250.jpg&quot;,&quot;imageURL&quot;:&quot;https:\\\/\\\/portalv1.com.br\\\/app\\\/wp-content\\\/uploads\\\/2023\\\/09\\\/9700ab07-983c-4729-8ee2-4724c83d04c6-Copy.jpg&quot;,&quot;pid&quot;:154455,&quot;galleryid&quot;:1,&quot;description&quot;:&quot;&quot;,&quot;alttext&quot;:&quot;Prefeitura de V\\u00e1rzea Grande comemora os 201 anos da Independ\\u00eancia do Brasil&quot;,&quot;thumbnailURL&quot;:&quot;https:\\\/\\\/portalv1.com.br\\\/app\\\/wp-content\\\/uploads\\\/2023\\\/09\\\/9700ab07-983c-4729-8ee2-4724c83d04c6-Copy-400x250.jpg&quot;,&quot;style&quot;:&quot;&quot;},{&quot;thumbcode&quot;:&quot;https:\\\/\\\/portalv1.com.br\\\/app\\\/wp-content\\\/uploads\\\/2023\\\/09\\\/66292ced-6291-4859-9f55-2972ef1162bc-Copy-400x250.jpg&quot;,&quot;imageURL&quot;:&quot;https:\\\/\\\/portalv1.com.br\\\/app\\\/wp-content\\\/uploads\\\/2023\\\/09\\\/66292ced-6291-4859-9f55-2972ef1162bc-Copy.jpg&quot;,&quot;pid&quot;:154456,&quot;galleryid&quot;:1,&quot;description&quot;:&quot;&quot;,&quot;alttext&quot;:&quot;Prefeitura de V\\u00e1rzea Grande comemora os 201 anos da Independ\\u00eancia do Brasil&quot;,&quot;thumbnailURL&quot;:&quot;https:\\\/\\\/portalv1.com.br\\\/app\\\/wp-content\\\/uploads\\\/2023\\\/09\\\/66292ced-6291-4859-9f55-2972ef1162bc-Copy-400x250.jpg&quot;,&quot;style&quot;:&quot;&quot;},{&quot;thumbcode&quot;:&quot;https:\\\/\\\/portalv1.com.br\\\/app\\\/wp-content\\\/uploads\\\/2023\\\/09\\\/97438acc-6986-45e7-8735-7e6d746d3f4e-Copy-400x250.jpg&quot;,&quot;imageURL&quot;:&quot;https:\\\/\\\/portalv1.com.br\\\/app\\\/wp-content\\\/uploads\\\/2023\\\/09\\\/97438acc-6986-45e7-8735-7e6d746d3f4e-Copy.jpg&quot;,&quot;pid&quot;:154457,&quot;galleryid&quot;:1,&quot;description&quot;:&quot;&quot;,&quot;alttext&quot;:&quot;Prefeitura de V\\u00e1rzea Grande comemora os 201 anos da Independ\\u00eancia do Brasil&quot;,&quot;thumbnailURL&quot;:&quot;https:\\\/\\\/portalv1.com.br\\\/app\\\/wp-content\\\/uploads\\\/2023\\\/09\\\/97438acc-6986-45e7-8735-7e6d746d3f4e-Copy-400x250.jpg&quot;,&quot;style&quot;:&quot;&quot;},{&quot;thumbcode&quot;:&quot;https:\\\/\\\/portalv1.com.br\\\/app\\\/wp-content\\\/uploads\\\/2023\\\/09\\\/4622935e-9d7b-485b-8e59-a23d8fa35398-Copy-400x250.jpg&quot;,&quot;imageURL&quot;:&quot;https:\\\/\\\/portalv1.com.br\\\/app\\\/wp-content\\\/uploads\\\/2023\\\/09\\\/4622935e-9d7b-485b-8e59-a23d8fa35398-Copy.jpg&quot;,&quot;pid&quot;:154458,&quot;galleryid&quot;:1,&quot;description&quot;:&quot;&quot;,&quot;alttext&quot;:&quot;Prefeitura de V\\u00e1rzea Grande comemora os 201 anos da Independ\\u00eancia do Brasil&quot;,&quot;thumbnailURL&quot;:&quot;https:\\\/\\\/portalv1.com.br\\\/app\\\/wp-content\\\/uploads\\\/2023\\\/09\\\/4622935e-9d7b-485b-8e59-a23d8fa35398-Copy-400x250.jpg&quot;,&quot;style&quot;:&quot;&quot;},{&quot;thumbcode&quot;:&quot;https:\\\/\\\/portalv1.com.br\\\/app\\\/wp-content\\\/uploads\\\/2023\\\/09\\\/c83fa996-5599-4ad0-ac86-f0dc452f5866-Copy-400x250.jpg&quot;,&quot;imageURL&quot;:&quot;https:\\\/\\\/portalv1.com.br\\\/app\\\/wp-content\\\/uploads\\\/2023\\\/09\\\/c83fa996-5599-4ad0-ac86-f0dc452f5866-Copy.jpg&quot;,&quot;pid&quot;:154459,&quot;galleryid&quot;:1,&quot;description&quot;:&quot;&quot;,&quot;alttext&quot;:&quot;Prefeitura de V\\u00e1rzea Grande comemora os 201 anos da Independ\\u00eancia do Brasil&quot;,&quot;thumbnailURL&quot;:&quot;https:\\\/\\\/portalv1.com.br\\\/app\\\/wp-content\\\/uploads\\\/2023\\\/09\\\/c83fa996-5599-4ad0-ac86-f0dc452f5866-Copy-400x250.jpg&quot;,&quot;style&quot;:&quot;&quot;},{&quot;thumbcode&quot;:&quot;https:\\\/\\\/portalv1.com.br\\\/app\\\/wp-content\\\/uploads\\\/2023\\\/09\\\/d389f5ae-e3bf-44f5-b37b-c852875592fb-Copy-400x250.jpg&quot;,&quot;imageURL&quot;:&quot;https:\\\/\\\/portalv1.com.br\\\/app\\\/wp-content\\\/uploads\\\/2023\\\/09\\\/d389f5ae-e3bf-44f5-b37b-c852875592fb-Copy.jpg&quot;,&quot;pid&quot;:154460,&quot;galleryid&quot;:1,&quot;description&quot;:&quot;&quot;,&quot;alttext&quot;:&quot;Prefeitura de V\\u00e1rzea Grande comemora os 201 anos da Independ\\u00eancia do Brasil&quot;,&quot;thumbnailURL&quot;:&quot;https:\\\/\\\/portalv1.com.br\\\/app\\\/wp-content\\\/uploads\\\/2023\\\/09\\\/d389f5ae-e3bf-44f5-b37b-c852875592fb-Copy-400x250.jpg&quot;,&quot;style&quot;:&quot;&quot;}]}}\"><\/div>\n                  <\/div>\n","protected":false},"excerpt":{"rendered":"<p>Os 201 anos da Independ\u00eancia do Brasil foram comemorados com um belo ato c\u00edvico na cidade de V\u00e1rzea Grande. O prefeito Dr. Segundo juntamente com a equipe administrativa prestigiou o&#8230;<\/p>\n","protected":false},"author":1,"featured_media":154461,"comment_status":"open","ping_status":"open","sticky":false,"template":"","format":"standard","meta":{"ngg_post_thumbnail":0,"footnotes":""},"categories":[243],"tags":[],"class_list":["post-154448","post","type-post","status-publish","format-standard","has-post-thumbnail","hentry","category-geral"],"views":1258,"meta_data":{"thumb":"https:\/\/portalv1.com.br\/app\/wp-content\/uploads\/2023\/09\/WhatsApp-Image-2023-09-09-at-15.08.18.jpeg","imagem":{"fullsize":{"url":"https:\/\/portalv1.com.br\/app\/wp-content\/uploads\/2023\/09\/WhatsApp-Image-2023-09-09-at-15.08.18.jpeg","width":747,"height":601},"medium":{"url":"https:\/\/portalv1.com.br\/app\/wp-content\/uploads\/2023\/09\/WhatsApp-Image-2023-09-09-at-15.08.18-300x241.jpeg","width":300,"height":241},"large":{"url":"https:\/\/portalv1.com.br\/app\/wp-content\/uploads\/2023\/09\/WhatsApp-Image-2023-09-09-at-15.08.18-640x515.jpeg","width":640,"height":515},"thumbnail":{"url":"https:\/\/portalv1.com.br\/app\/wp-content\/uploads\/2023\/09\/WhatsApp-Image-2023-09-09-at-15.08.18-100x100.jpeg","width":100,"height":100}},"data":{"simple":"09\/09\/2023","date_time":"09\/09\/2023 12:10:30","date":"h\u00e1 3 anos"},"chapeu":"7 de Setembro ","source":"slide"},"_links":{"self":[{"href":"https:\/\/portalv1.com.br\/api\/wp\/v2\/posts\/154448","targetHints":{"allow":["GET"]}}],"collection":[{"href":"https:\/\/portalv1.com.br\/api\/wp\/v2\/posts"}],"about":[{"href":"https:\/\/portalv1.com.br\/api\/wp\/v2\/types\/post"}],"author":[{"embeddable":true,"href":"https:\/\/portalv1.com.br\/api\/wp\/v2\/users\/1"}],"replies":[{"embeddable":true,"href":"https:\/\/portalv1.com.br\/api\/wp\/v2\/comments?post=154448"}],"version-history":[{"count":0,"href":"https:\/\/portalv1.com.br\/api\/wp\/v2\/posts\/154448\/revisions"}],"wp:featuredmedia":[{"embeddable":true,"href":"https:\/\/portalv1.com.br\/api\/wp\/v2\/media\/154461"}],"wp:attachment":[{"href":"https:\/\/portalv1.com.br\/api\/wp\/v2\/media?parent=154448"}],"wp:term":[{"taxonomy":"category","embeddable":true,"href":"https:\/\/portalv1.com.br\/api\/wp\/v2\/categories?post=154448"},{"taxonomy":"post_tag","embeddable":true,"href":"https:\/\/portalv1.com.br\/api\/wp\/v2\/tags?post=154448"}],"curies":[{"name":"wp","href":"https:\/\/api.w.org\/{rel}","templated":true}]}}