{"id":155002,"date":"2023-09-20T13:29:50","date_gmt":"2023-09-20T16:29:50","guid":{"rendered":"https:\/\/portalv1.com.br\/?p=155002"},"modified":"2023-09-20T13:29:50","modified_gmt":"2023-09-20T16:29:50","slug":"cdl-parabeniza-valenca-do-piaui-pelos-261-anos","status":"publish","type":"post","link":"https:\/\/portalv1.com.br\/cdl-parabeniza-valenca-do-piaui-pelos-261-anos\/","title":{"rendered":"CDL parabeniza Valen\u00e7a do Piau\u00ed pelos 261 anos"},"content":{"rendered":"<p style=\"font-weight: 400;\">Valen\u00e7a do Piau\u00ed, cidade do interior do estado do Piau\u00ed, comemora nesta quarta-feira (20.set) o seu 261\u00ba anivers\u00e1rio de emancipa\u00e7\u00e3o pol\u00edtica. A data \u00e9 marcada por homenagens ao povo valenciano, que foi parabenizado pela C\u00e2mara de Dirigentes Lojistas (CDL) da cidade.<\/p>\n<p style=\"font-weight: 400;\">Em um comunicado, a CDL destacou o trabalho e a dedica\u00e7\u00e3o do povo valenciano, que faz da cidade um lugar melhor para se viver. &#8220;Esse povo guerreiro e trabalhador que a cada dia faz de Valen\u00e7a uma cidade melhor, mais hospitaleira, mais desenvolvida e conhecida&#8221;, diz o texto.<\/p>\n<p>A C\u00e2mara de Dirigentes Lojistas destaca, ainda, a import\u00e2ncia da cidade para o desenvolvimento local e regional. &#8220;Em nome de toda a nossa Diretoria, desejamos que a cada dia Valen\u00e7a possa crescer, se desenvolver e prosperar mais&#8221;, afirma o comunicado.<\/p>\n<p><a href=\"https:\/\/portalv1.com.br\/app\/wp-content\/uploads\/2023\/09\/e5615494fad63093420ca8f35fb65c44.jpg\"><img loading=\"lazy\" decoding=\"async\" class=\"aligncenter size-large wp-image-155003\" src=\"https:\/\/portalv1.com.br\/app\/wp-content\/uploads\/2023\/09\/e5615494fad63093420ca8f35fb65c44-640x640.jpg\" alt=\"\" width=\"600\" height=\"600\" srcset=\"https:\/\/portalv1.com.br\/app\/wp-content\/uploads\/2023\/09\/e5615494fad63093420ca8f35fb65c44-640x640.jpg 640w, https:\/\/portalv1.com.br\/app\/wp-content\/uploads\/2023\/09\/e5615494fad63093420ca8f35fb65c44-300x300.jpg 300w, https:\/\/portalv1.com.br\/app\/wp-content\/uploads\/2023\/09\/e5615494fad63093420ca8f35fb65c44-100x100.jpg 100w, https:\/\/portalv1.com.br\/app\/wp-content\/uploads\/2023\/09\/e5615494fad63093420ca8f35fb65c44-768x768.jpg 768w, https:\/\/portalv1.com.br\/app\/wp-content\/uploads\/2023\/09\/e5615494fad63093420ca8f35fb65c44.jpg 1000w\" sizes=\"auto, (max-width: 600px) 100vw, 600px\" \/><\/a><\/p>\n","protected":false},"excerpt":{"rendered":"<p>Valen\u00e7a do Piau\u00ed, cidade do interior do estado do Piau\u00ed, comemora nesta quarta-feira (20.set) o seu 261\u00ba anivers\u00e1rio de emancipa\u00e7\u00e3o pol\u00edtica. A data \u00e9 marcada por homenagens ao povo valenciano,&#8230;<\/p>\n","protected":false},"author":1,"featured_media":155003,"comment_status":"open","ping_status":"open","sticky":false,"template":"","format":"standard","meta":{"ngg_post_thumbnail":0,"footnotes":""},"categories":[243],"tags":[],"class_list":["post-155002","post","type-post","status-publish","format-standard","has-post-thumbnail","hentry","category-geral"],"views":194,"meta_data":{"thumb":"https:\/\/portalv1.com.br\/app\/wp-content\/uploads\/2023\/09\/e5615494fad63093420ca8f35fb65c44.jpg","imagem":{"fullsize":{"url":"https:\/\/portalv1.com.br\/app\/wp-content\/uploads\/2023\/09\/e5615494fad63093420ca8f35fb65c44.jpg","width":1000,"height":1000},"medium":{"url":"https:\/\/portalv1.com.br\/app\/wp-content\/uploads\/2023\/09\/e5615494fad63093420ca8f35fb65c44-300x300.jpg","width":300,"height":300},"large":{"url":"https:\/\/portalv1.com.br\/app\/wp-content\/uploads\/2023\/09\/e5615494fad63093420ca8f35fb65c44-640x640.jpg","width":640,"height":640},"thumbnail":{"url":"https:\/\/portalv1.com.br\/app\/wp-content\/uploads\/2023\/09\/e5615494fad63093420ca8f35fb65c44-100x100.jpg","width":100,"height":100},"medium_large":{"url":"https:\/\/portalv1.com.br\/app\/wp-content\/uploads\/2023\/09\/e5615494fad63093420ca8f35fb65c44-768x768.jpg","width":768,"height":768}},"data":{"simple":"20\/09\/2023","date_time":"20\/09\/2023 10:29:50","date":"h\u00e1 3 anos"},"chapeu":"Saiba Detalhes ","source":"m_destacada"},"_links":{"self":[{"href":"https:\/\/portalv1.com.br\/api\/wp\/v2\/posts\/155002","targetHints":{"allow":["GET"]}}],"collection":[{"href":"https:\/\/portalv1.com.br\/api\/wp\/v2\/posts"}],"about":[{"href":"https:\/\/portalv1.com.br\/api\/wp\/v2\/types\/post"}],"author":[{"embeddable":true,"href":"https:\/\/portalv1.com.br\/api\/wp\/v2\/users\/1"}],"replies":[{"embeddable":true,"href":"https:\/\/portalv1.com.br\/api\/wp\/v2\/comments?post=155002"}],"version-history":[{"count":0,"href":"https:\/\/portalv1.com.br\/api\/wp\/v2\/posts\/155002\/revisions"}],"wp:featuredmedia":[{"embeddable":true,"href":"https:\/\/portalv1.com.br\/api\/wp\/v2\/media\/155003"}],"wp:attachment":[{"href":"https:\/\/portalv1.com.br\/api\/wp\/v2\/media?parent=155002"}],"wp:term":[{"taxonomy":"category","embeddable":true,"href":"https:\/\/portalv1.com.br\/api\/wp\/v2\/categories?post=155002"},{"taxonomy":"post_tag","embeddable":true,"href":"https:\/\/portalv1.com.br\/api\/wp\/v2\/tags?post=155002"}],"curies":[{"name":"wp","href":"https:\/\/api.w.org\/{rel}","templated":true}]}}