{"id":15547,"date":"2013-04-21T10:30:41","date_gmt":"2013-04-21T13:30:41","guid":{"rendered":"https:\/\/portalv1.com.br\/?p=15547"},"modified":"2013-04-21T10:30:41","modified_gmt":"2013-04-21T13:30:41","slug":"sarah-menezes-piauiense-e-ouro-e-se-torna-bicampea-no-pan-de-san-jose","status":"publish","type":"post","link":"https:\/\/portalv1.com.br\/sarah-menezes-piauiense-e-ouro-e-se-torna-bicampea-no-pan-de-san-jose\/","title":{"rendered":"Sarah Menezes: piauiense \u00e9 ouro e se torna bicampe\u00e3 no Pan de San Jos\u00e9"},"content":{"rendered":"<figure id=\"attachment_15548\" aria-describedby=\"caption-attachment-15548\" style=\"width: 300px\" class=\"wp-caption alignright\"><a href=\"https:\/\/portalv1.com.br\/app\/wp-content\/uploads\/2013\/04\/sara.jpg\"><img loading=\"lazy\" decoding=\"async\" class=\"size-medium wp-image-15548\" alt=\"Pan-americano 2013\" src=\"https:\/\/portalv1.com.br\/app\/wp-content\/uploads\/2013\/04\/sara-300x206.jpg\" width=\"300\" height=\"206\" srcset=\"https:\/\/portalv1.com.br\/app\/wp-content\/uploads\/2013\/04\/sara-300x206.jpg 300w, https:\/\/portalv1.com.br\/app\/wp-content\/uploads\/2013\/04\/sara.jpg 455w\" sizes=\"auto, (max-width: 300px) 100vw, 300px\" \/><\/a><figcaption id=\"caption-attachment-15548\" class=\"wp-caption-text\">Pan-americano 2013<\/figcaption><\/figure>\n<p>O segundo dia de competi\u00e7\u00f5es do Pan-americano 2013, disputado em San Jos\u00e9, capital da Costa Rica, foi bem parecido com o primeiro, pelo menos em termos de conquistas para o Brasil. Se na \u00faltima sexta, os judocas mais pesados faturaram quatro ouros e oito medalhas ao todo, neste s\u00e1bado tamb\u00e9m foram conquistados quatro ouros e oito medalhas no total. Os campe\u00f5es hoje foram Sarah Menezes (48kg), Felipe Kitadai (60kg), Luiz Revite (66kg) e Rafaela Silva (57kg). As outras medalhas foram quatro bronzes com Ketleyn Quadros (57kg), \u00c9rika Miranda (52kg), Charles Chibana (66kg) e Bruno Mendon\u00e7a (73kg). Gabriela Chibana ficou na quinta coloca\u00e7\u00e3o.<\/p>\n<p>Com oito ouros, duas pratas e seis bronzes na competi\u00e7\u00e3o individual, o Brasil reafirmou a sua lideran\u00e7a no esporte no continente americano. Haja visto que nosso maior advers\u00e1rio nas Am\u00e9ricas, Cuba, conquistou apenas quatro medalhas douradas. Todos os nossos atletas ficaram entre cinco primeiros colocados e 16 dos 18 atletas chegaram ao p\u00f3dio.<\/p>\n<p>\u201cNo in\u00edcio de um ciclo ol\u00edmpico, participar de um Campeonato Pan-americano com ainda mais import\u00e2ncia depois das mudan\u00e7as nas pontua\u00e7\u00f5es para o ranking mundial e consolidar a hegemonia no continente, fortalece a autoestima dos nossos atletas e o trabalho da comiss\u00e3o t\u00e9cnica. Os resultados vem a somar no planejamento e faz com que cheguemos com objetivos grandes nos Jogos do Rio\u201d, analisou Ney Wilson, gestor t\u00e9cnico das equipes adultas.<\/p>\n<p>Ser campe\u00e3o Pan-americano d\u00e1 aos atletas 400 pontos no ranking mundial. Mas para Sarah Menezes, o t\u00edtulo teve um gosto ainda mais especial. Ela passou pela medalhista em Londres 2012, Paula Pareto apenas no Golden score por conta de uma penaliza\u00e7\u00e3o da advers\u00e1ria e na final derrotou a cubana Dayaras Mestre por um wazari e um yuko.<\/p>\n<p>\u201cFoi muito bom ganhar esse t\u00edtulo! Essa cubana me atrapalhou dois anos seguidos e estava engasgada. Ganhar dela e ainda mais jogando foi muito especial. Agora elas (Paula Pareto e Dayaris Mestre) v\u00e3o ter mais respeito\u201d, desabafou a campe\u00e3 ol\u00edmpica.<\/p>\n<p>Outra atleta que sentiu um sabor especial no t\u00edtulo do Pan-americano foi Rafaela Silva. Ela que depois de Londres subiu de categoria mas n\u00e3o se adaptou, voltou a competir na 57kg, o peso que a levou aos Jogos Ol\u00edmpicos, exatamente no torneio continental. E n\u00e3o tem o que reclamar quanto ao desempenho<\/p>\n<p>\u201cFoi muito bom ter ganhado esse t\u00edtulo porque me d\u00e1 confian\u00e7a e mostra que eu estou em condi\u00e7\u00f5es de competir em alto n\u00edvel nessa categoria. Eu n\u00e3o conhecia praticamente nenhuma das advers\u00e1rias que enfrentei e, na final peguei, uma medalhista ol\u00edmpica e venci. Ent\u00e3o, estou muito satisfeita com o ouro\u201d, disse Rafaela.<\/p>\n<p>Luiz Revite tamb\u00e9m comemorou muito a conquista do Pan. Ele, que estreava na competi\u00e7\u00e3o e que indiretamente compete com Charles Chibana pela vaga de suplente na sele\u00e7\u00e3o principal, deu um passo a frente do advers\u00e1rio com o t\u00edtulo.<\/p>\n<p>\u201cEstou muito feliz porque essa vit\u00f3ria no meu primeiro Campeonato Pan-Americano me garante 400 importantes pontos no in\u00edcio do novo ciclo, dando uma boa subida na classifica\u00e7\u00e3o no ranking. Sem falar que eu, particularmente, precisava desta conquista e hoje posso dizer que estou contente\u201d, relatou Revite, ainda na espera para a realiza\u00e7\u00e3o do Doping.<\/p>\n<p>Por sua vez, Felipe Kitadai tamb\u00e9m enfrentou um advers\u00e1rio dif\u00edcil na decis\u00e3o e que contou com o apoio de grande parte dos presentes ao \u00a0gin\u00e1sio da Cidade Esportiva de Hatillo. O mexicano Nabor Castillo \u00e9 um velho conhecido do brasileiro mas deu bastante trabalho para o medalhista de bronze nos Jogos de Londres.<\/p>\n<p>\u201cFoi a luta mais dif\u00edcil que eu fiz. Desde a base, essa j\u00e1 \u00e9 a quinta decis\u00e3o de Pan-americano que fa\u00e7o com ele. Perdi a primeira e ganhei as outras mas dessa vez ele estava bem mais forte, nem parecia o mesmo competidor. Eu estava um pouco inseguro porque essa \u00e9 s\u00f3 a minha terceira competi\u00e7\u00e3o depois de Londres mas eu treinei muito e estou muito feliz com esse resultado\u201d, disse Kitadai que venceu todas as cinco lutas no campeonato jogando os advers\u00e1rios.<\/p>\n<p>Al\u00e9m dos atletas que medalharam neste s\u00e1bado, foram ouro Mayra Aguiar (78kg), Victor Penalber (81kg), Renan Nunes (100kg) e Rafael Silva (+100kg). Katherine Campos (63kg) e Tiago Camilo (90kg) ficaram com a prata e Rochele Nunes (+78kg) e Luciano Corr\u00eaa (100kg) com o bronze. Todos na \u00faltima sexta, primeiro dia das disputas individuais.<\/p>\n<p>Neste domingo, o Pan-americano de 2013 chega ao fim com a disputa por equipes. No masculino, Brasil e Cuba far\u00e3o um confronto de alto n\u00edvel t\u00e9cnico logo na estreia. No feminino, o Brasil faz a primeira luta da competi\u00e7\u00e3o contra a Guatemala e, se passar, pega logo na sequencia a poderosa Cuba. A competi\u00e7\u00e3o come\u00e7a \u00e0s dez horas da manh\u00e3 no hor\u00e1rio local, uma da tarde no hor\u00e1rio de Bras\u00edlia.<\/p>\n<p>&nbsp;<\/p>\n<p><i>Fonte: Cidadeverde<\/i><\/p>\n","protected":false},"excerpt":{"rendered":"<p>O segundo dia de competi\u00e7\u00f5es do Pan-americano 2013, disputado em San Jos\u00e9, capital da Costa Rica, foi bem parecido com o primeiro, pelo menos em termos de conquistas para o&#8230;<\/p>\n","protected":false},"author":1,"featured_media":0,"comment_status":"open","ping_status":"open","sticky":false,"template":"","format":"standard","meta":{"ngg_post_thumbnail":0,"footnotes":""},"categories":[12],"tags":[],"class_list":["post-15547","post","type-post","status-publish","format-standard","hentry","category-valenca-news"],"views":204,"meta_data":{"thumb":"https:\/\/portalv1.com.br\/app\/wp-content\/uploads\/2013\/04\/sara.jpg","data":{"simple":"21\/04\/2013","date_time":"21\/04\/2013 07:30:41","date":"h\u00e1 13 anos"},"chapeu":"Costa Rica","source":"foto_menor"},"_links":{"self":[{"href":"https:\/\/portalv1.com.br\/api\/wp\/v2\/posts\/15547","targetHints":{"allow":["GET"]}}],"collection":[{"href":"https:\/\/portalv1.com.br\/api\/wp\/v2\/posts"}],"about":[{"href":"https:\/\/portalv1.com.br\/api\/wp\/v2\/types\/post"}],"author":[{"embeddable":true,"href":"https:\/\/portalv1.com.br\/api\/wp\/v2\/users\/1"}],"replies":[{"embeddable":true,"href":"https:\/\/portalv1.com.br\/api\/wp\/v2\/comments?post=15547"}],"version-history":[{"count":0,"href":"https:\/\/portalv1.com.br\/api\/wp\/v2\/posts\/15547\/revisions"}],"wp:attachment":[{"href":"https:\/\/portalv1.com.br\/api\/wp\/v2\/media?parent=15547"}],"wp:term":[{"taxonomy":"category","embeddable":true,"href":"https:\/\/portalv1.com.br\/api\/wp\/v2\/categories?post=15547"},{"taxonomy":"post_tag","embeddable":true,"href":"https:\/\/portalv1.com.br\/api\/wp\/v2\/tags?post=15547"}],"curies":[{"name":"wp","href":"https:\/\/api.w.org\/{rel}","templated":true}]}}