{"id":155602,"date":"2023-09-26T07:20:46","date_gmt":"2023-09-26T10:20:46","guid":{"rendered":"https:\/\/portalv1.com.br\/?p=155602"},"modified":"2023-09-26T20:01:14","modified_gmt":"2023-09-26T23:01:14","slug":"nomes-da-chapa-majoritaria-em-francinopolis-e-apresentada-ao-senador-marcelo-castro","status":"publish","type":"post","link":"https:\/\/portalv1.com.br\/nomes-da-chapa-majoritaria-em-francinopolis-e-apresentada-ao-senador-marcelo-castro\/","title":{"rendered":"Nomes da chapa majorit\u00e1ria em Francin\u00f3polis \u00e9 apresentada ao senador Marcelo Castro"},"content":{"rendered":"<p>O prefeito de Francin\u00f3polis, Paulo C\u00e9sar, na companhia da vice-prefeita Celi Soares, ex-prefeita Socorro Bandeira e do ex-presidente da C\u00e2mara de Vereadores Celso Lopes se reuniram nesta segunda-feira (25) com o senador Marcelo Castro, em Teresina, para discutir a sucess\u00e3o municipal.<\/p>\n<p>\u201cReafirmamos a parceria que existe entre o senador e o munic\u00edpio de Francin\u00f3polis h\u00e1 muitos anos, que tantos benef\u00edcios trouxeram ao nosso munic\u00edpio. O senador declarou mais uma vez total e irrestrito apoio \u00e0 nossa gest\u00e3o e que estar\u00e1 \u00e0 disposi\u00e7\u00e3o para ajudar-nos na campanha de 2024\u201d, disse Paulo C\u00e9sar.<\/p>\n<p>Reeleito em 2020, Paulo C\u00e9sar n\u00e3o pode disputar o pleito e na reuni\u00e3o informou ao senador Marcelo Castro que seu grupo pol\u00edtico j\u00e1 definiu os nomes da chapa majorit\u00e1ria, que ser\u00e1 liderada pelo m\u00e9dico Dr. Ant\u00f4nio Luiz, como candidato a prefeito e o empres\u00e1rio Chico da Celi, como candidato a vice-prefeito, reafirmando a alian\u00e7a entre os dois grupos pol\u00edticos.<\/p>\n<p>\u201cA parceria do nosso grupo com a nossa vice j\u00e1 vem de 2008, quando Dona Celi fez parceria, tamb\u00e9m como vice, na chapa composta por ela e o Dr. Ant\u00f4nio Lu\u00eds, sendo eleitos com uma vota\u00e7\u00e3o recorde at\u00e9 aquele momento, com 1.974 votos contra 1.363, isto \u00e9, 611 votos de maioria contra a chapa advers\u00e1ria\u201d, lembrou o prefeito, que continuou.<\/p>\n<p>\u201cA parceria foi retomada em 2020, quando dona Celi aceitou fazer parte da nossa chapa, quando disput\u00e1vamos a reelei\u00e7\u00e3o, sendo mais uma vez vitoriosa com mais uma vota\u00e7\u00e3o recorde de votos, quando obtivemos 2.116 votos contra 1.228 da chapa advers\u00e1ria, ou seja, 888 votos de maioria, a maior vota\u00e7\u00e3o j\u00e1 obtida na hist\u00f3ria pol\u00edtica de Francin\u00f3polis\u201d, afirmou Paulo C\u00e9sar, que elogiou a vice-prefeita.&nbsp;<\/p>\n<p>\u201cComo se v\u00ea, Celi Soares \u00e9 p\u00e9 quente e aglutinadora, uma mulher de bel\u00edssimo curr\u00edculo, de servi\u00e7os prestados e dedica\u00e7\u00e3o \u00e0 popula\u00e7\u00e3o francinopolitana. Irm\u00e3 do duas vezes ex-prefeito de Francin\u00f3polis, Edmar Soares (1972-1975 e 1996-1999), e vi\u00fava do tamb\u00e9m ex-vice-prefeito Senhorzinho Hip\u00f3lito (1970-1971). Agora, passa o bast\u00e3o para o seu filho, Francisco Hip\u00f3lito, popularmente conhecido como Chico da Celi, que compor\u00e1, como vice-prefeito, a futura chapa com o Dr. Ant\u00f4nio Lu\u00eds nas elei\u00e7\u00f5es municipais de 2024. Ent\u00e3o, j\u00e1 dar pra antever o que acontece quando se juntam esses dois grupos pol\u00edticos, n\u00e9: Vit\u00f3ria e com recorde de vota\u00e7\u00e3o\u201d, avisou Paulo C\u00e9sar que ser\u00e1 o coordenador da campanha.<\/p>\n<p><a href=\"https:\/\/portalv1.com.br\/app\/wp-content\/uploads\/2023\/09\/WhatsApp-Image-2023-09-26-at-05.55.51.jpeg\"><img loading=\"lazy\" decoding=\"async\" class=\"aligncenter size-large wp-image-155603\" src=\"https:\/\/portalv1.com.br\/app\/wp-content\/uploads\/2023\/09\/WhatsApp-Image-2023-09-26-at-05.55.51-640x411.jpeg\" alt=\"\" width=\"600\" height=\"385\" srcset=\"https:\/\/portalv1.com.br\/app\/wp-content\/uploads\/2023\/09\/WhatsApp-Image-2023-09-26-at-05.55.51-640x411.jpeg 640w, https:\/\/portalv1.com.br\/app\/wp-content\/uploads\/2023\/09\/WhatsApp-Image-2023-09-26-at-05.55.51-300x193.jpeg 300w, https:\/\/portalv1.com.br\/app\/wp-content\/uploads\/2023\/09\/WhatsApp-Image-2023-09-26-at-05.55.51-768x493.jpeg 768w, https:\/\/portalv1.com.br\/app\/wp-content\/uploads\/2023\/09\/WhatsApp-Image-2023-09-26-at-05.55.51-1536x987.jpeg 1536w, https:\/\/portalv1.com.br\/app\/wp-content\/uploads\/2023\/09\/WhatsApp-Image-2023-09-26-at-05.55.51.jpeg 1600w\" sizes=\"auto, (max-width: 600px) 100vw, 600px\" \/><\/a><\/p>\n<p>&nbsp;<\/p>\n","protected":false},"excerpt":{"rendered":"<p>O prefeito de Francin\u00f3polis, Paulo C\u00e9sar, na companhia da vice-prefeita Celi Soares, ex-prefeita Socorro Bandeira e do ex-presidente da C\u00e2mara de Vereadores Celso Lopes se reuniram nesta segunda-feira (25) com&#8230;<\/p>\n","protected":false},"author":1,"featured_media":155603,"comment_status":"open","ping_status":"open","sticky":false,"template":"","format":"standard","meta":{"ngg_post_thumbnail":0,"footnotes":""},"categories":[243],"tags":[],"class_list":["post-155602","post","type-post","status-publish","format-standard","has-post-thumbnail","hentry","category-geral"],"views":706,"meta_data":{"thumb":"https:\/\/portalv1.com.br\/app\/wp-content\/uploads\/2023\/09\/WhatsApp-Image-2023-09-26-at-05.55.51.jpeg","imagem":{"fullsize":{"url":"https:\/\/portalv1.com.br\/app\/wp-content\/uploads\/2023\/09\/WhatsApp-Image-2023-09-26-at-05.55.51.jpeg","width":1600,"height":1028},"medium":{"url":"https:\/\/portalv1.com.br\/app\/wp-content\/uploads\/2023\/09\/WhatsApp-Image-2023-09-26-at-05.55.51-300x193.jpeg","width":300,"height":193},"large":{"url":"https:\/\/portalv1.com.br\/app\/wp-content\/uploads\/2023\/09\/WhatsApp-Image-2023-09-26-at-05.55.51-640x411.jpeg","width":640,"height":411},"thumbnail":{"url":"https:\/\/portalv1.com.br\/app\/wp-content\/uploads\/2023\/09\/WhatsApp-Image-2023-09-26-at-05.55.51-100x100.jpeg","width":100,"height":100},"medium_large":{"url":"https:\/\/portalv1.com.br\/app\/wp-content\/uploads\/2023\/09\/WhatsApp-Image-2023-09-26-at-05.55.51-768x493.jpeg","width":768,"height":493},"1536x1536":{"url":"https:\/\/portalv1.com.br\/app\/wp-content\/uploads\/2023\/09\/WhatsApp-Image-2023-09-26-at-05.55.51-1536x987.jpeg","width":1536,"height":987}},"data":{"simple":"26\/09\/2023","date_time":"26\/09\/2023 04:20:46","date":"h\u00e1 3 anos"},"chapeu":"Elei\u00e7\u00f5es 2024","source":"slide"},"_links":{"self":[{"href":"https:\/\/portalv1.com.br\/api\/wp\/v2\/posts\/155602","targetHints":{"allow":["GET"]}}],"collection":[{"href":"https:\/\/portalv1.com.br\/api\/wp\/v2\/posts"}],"about":[{"href":"https:\/\/portalv1.com.br\/api\/wp\/v2\/types\/post"}],"author":[{"embeddable":true,"href":"https:\/\/portalv1.com.br\/api\/wp\/v2\/users\/1"}],"replies":[{"embeddable":true,"href":"https:\/\/portalv1.com.br\/api\/wp\/v2\/comments?post=155602"}],"version-history":[{"count":0,"href":"https:\/\/portalv1.com.br\/api\/wp\/v2\/posts\/155602\/revisions"}],"wp:featuredmedia":[{"embeddable":true,"href":"https:\/\/portalv1.com.br\/api\/wp\/v2\/media\/155603"}],"wp:attachment":[{"href":"https:\/\/portalv1.com.br\/api\/wp\/v2\/media?parent=155602"}],"wp:term":[{"taxonomy":"category","embeddable":true,"href":"https:\/\/portalv1.com.br\/api\/wp\/v2\/categories?post=155602"},{"taxonomy":"post_tag","embeddable":true,"href":"https:\/\/portalv1.com.br\/api\/wp\/v2\/tags?post=155602"}],"curies":[{"name":"wp","href":"https:\/\/api.w.org\/{rel}","templated":true}]}}