{"id":15561,"date":"2013-04-22T15:35:18","date_gmt":"2013-04-22T18:35:18","guid":{"rendered":"https:\/\/portalv1.com.br\/?p=15561"},"modified":"2013-04-22T15:35:18","modified_gmt":"2013-04-22T18:35:18","slug":"festival-de-inverno-de-pedro-ii-2013-anuncia-atracoes-nacionais","status":"publish","type":"post","link":"https:\/\/portalv1.com.br\/festival-de-inverno-de-pedro-ii-2013-anuncia-atracoes-nacionais\/","title":{"rendered":"Festival de Inverno de Pedro II 2013 anuncia atra\u00e7\u00f5es nacionais"},"content":{"rendered":"<figure id=\"attachment_15562\" aria-describedby=\"caption-attachment-15562\" style=\"width: 300px\" class=\"wp-caption alignright\"><a href=\"https:\/\/portalv1.com.br\/app\/wp-content\/uploads\/2013\/04\/PEDROII.jpg\"><img loading=\"lazy\" decoding=\"async\" class=\"size-medium wp-image-15562\" alt=\"Festival de Inverno de Pedro II\" src=\"https:\/\/portalv1.com.br\/app\/wp-content\/uploads\/2013\/04\/PEDROII-300x224.jpg\" width=\"300\" height=\"224\" srcset=\"https:\/\/portalv1.com.br\/app\/wp-content\/uploads\/2013\/04\/PEDROII-300x224.jpg 300w, https:\/\/portalv1.com.br\/app\/wp-content\/uploads\/2013\/04\/PEDROII.jpg 600w\" sizes=\"auto, (max-width: 300px) 100vw, 300px\" \/><\/a><figcaption id=\"caption-attachment-15562\" class=\"wp-caption-text\">Festival de Inverno de Pedro II<\/figcaption><\/figure>\n<p>O Festival de Inverno de Pedro II, edi\u00e7\u00e3o 2013, caprichou na comemora\u00e7\u00e3o de seus 10 anos e reunir\u00e1 nomes de peso durante tr\u00eas dias. O evento traz quatro atra\u00e7\u00f5es para todos os gostos e p\u00fablicos e que prometem levar milhares de pessoas a cantar juntas e se emocionar.<\/p>\n<p>No primeiro dia, 30 de maio, nomes como o compositor franc\u00eas Bernard Fies e a cantora Taryn Szpilman far\u00e3o shows em resgate a linha jazz e blue do evento. No segundo dia, lan\u00e7ando seu segundo \u00e1lbum \u2013 Mais uma P\u00e1gina \u2013 a revela\u00e7\u00e3o musical, Maria Gad\u00fa, levar\u00e1 uma legi\u00e3o de f\u00e3s a apreciar a voz marcante da cantora. E no dia 01 de junho, a renomada cantora da m\u00fasica popular brasileira, Z\u00e9lia Duncan, encerrar\u00e1 o festival com um show recheado de sucessos e de can\u00e7\u00f5es de seu \u00e1lbum mais recente, em homenagem a Itamar Assump\u00e7\u00e3o, Z\u00c9LIA DUNCAN CANTA ITAMAR ASSUMP\u00c7\u00c3O TUDO ESCLARECIDO.<\/p>\n<p>H\u00e1 dez anos o p\u00fablico reserva o espa\u00e7o no calend\u00e1rio e a expectativa das atra\u00e7\u00f5es torna-se, a cada ano, di\u00e1logo em rodas de conversas. O clima ameno, as belezas naturais, o ar cultural, os m\u00fasicos e o aconchego do povo acolhedor formam o cen\u00e1rio perfeito do mais expressivo festival de m\u00fasica do Piau\u00ed.<\/p>\n<p>O evento mais uma vez faz jus ao seu reconhecimento internacional e traz grandes atra\u00e7\u00f5es que abrilhantar\u00e3o a comemora\u00e7\u00e3o dos 10 anos de festival. Palco de um evento que orgulha o Estado e regi\u00e3o, o Festival de Inverno configura-se num terreno de integra\u00e7\u00e3o e conhecimento, privilegiando principalmente a m\u00fasica brasileira, mantendo sempre o alto n\u00edvel dos m\u00fasicos convidados. E nesse anivers\u00e1rio de 10 anos n\u00e3o poderia ser diferente!<\/p>\n","protected":false},"excerpt":{"rendered":"<p>O Festival de Inverno de Pedro II, edi\u00e7\u00e3o 2013, caprichou na comemora\u00e7\u00e3o de seus 10 anos e reunir\u00e1 nomes de peso durante tr\u00eas dias. O evento traz quatro atra\u00e7\u00f5es para&#8230;<\/p>\n","protected":false},"author":1,"featured_media":0,"comment_status":"open","ping_status":"open","sticky":false,"template":"","format":"standard","meta":{"ngg_post_thumbnail":0,"footnotes":""},"categories":[12],"tags":[],"class_list":["post-15561","post","type-post","status-publish","format-standard","hentry","category-valenca-news"],"views":474,"meta_data":{"thumb":"https:\/\/portalv1.com.br\/app\/wp-content\/uploads\/2013\/04\/PEDROII.jpg","data":{"simple":"22\/04\/2013","date_time":"22\/04\/2013 12:35:18","date":"h\u00e1 13 anos"},"chapeu":"Edi\u00e7\u00e3o 2013","source":"foto_menor"},"_links":{"self":[{"href":"https:\/\/portalv1.com.br\/api\/wp\/v2\/posts\/15561","targetHints":{"allow":["GET"]}}],"collection":[{"href":"https:\/\/portalv1.com.br\/api\/wp\/v2\/posts"}],"about":[{"href":"https:\/\/portalv1.com.br\/api\/wp\/v2\/types\/post"}],"author":[{"embeddable":true,"href":"https:\/\/portalv1.com.br\/api\/wp\/v2\/users\/1"}],"replies":[{"embeddable":true,"href":"https:\/\/portalv1.com.br\/api\/wp\/v2\/comments?post=15561"}],"version-history":[{"count":0,"href":"https:\/\/portalv1.com.br\/api\/wp\/v2\/posts\/15561\/revisions"}],"wp:attachment":[{"href":"https:\/\/portalv1.com.br\/api\/wp\/v2\/media?parent=15561"}],"wp:term":[{"taxonomy":"category","embeddable":true,"href":"https:\/\/portalv1.com.br\/api\/wp\/v2\/categories?post=15561"},{"taxonomy":"post_tag","embeddable":true,"href":"https:\/\/portalv1.com.br\/api\/wp\/v2\/tags?post=15561"}],"curies":[{"name":"wp","href":"https:\/\/api.w.org\/{rel}","templated":true}]}}