{"id":15567,"date":"2013-04-23T11:52:34","date_gmt":"2013-04-23T14:52:34","guid":{"rendered":"https:\/\/portalv1.com.br\/?p=15567"},"modified":"2013-04-24T23:29:50","modified_gmt":"2013-04-25T02:29:50","slug":"projeto-viver-sem-limites-sera-lancado-em-valenca","status":"publish","type":"post","link":"https:\/\/portalv1.com.br\/projeto-viver-sem-limites-sera-lancado-em-valenca\/","title":{"rendered":"Projeto Viver sem Limites ser\u00e1 lan\u00e7ado em Valen\u00e7a"},"content":{"rendered":"<figure id=\"attachment_15568\" aria-describedby=\"caption-attachment-15568\" style=\"width: 300px\" class=\"wp-caption alignright\"><a href=\"https:\/\/portalv1.com.br\/app\/wp-content\/uploads\/2013\/04\/viversemlimites-ed.jpg\"><img loading=\"lazy\" decoding=\"async\" class=\"size-full wp-image-15568\" alt=\"Viver sem Limites\" src=\"https:\/\/portalv1.com.br\/app\/wp-content\/uploads\/2013\/04\/viversemlimites-ed.jpg\" width=\"300\" height=\"225\" \/><\/a><figcaption id=\"caption-attachment-15568\" class=\"wp-caption-text\">Viver sem Limites<\/figcaption><\/figure>\n<p>As Secretarias Nacionais de Promo\u00e7\u00e3o dos Direitos da Pessoa com Defici\u00eancia, Secretaria de Direitos Humanos, Presid\u00eancia da Republica em parceria com a prefeitura de Valen\u00e7a ir\u00e1 realizar nesta quinta e sexta-feira reuni\u00e3o t\u00e9cnica para promo\u00e7\u00e3o e apresenta\u00e7\u00e3o do Plano Nacional dos Direitos da Pessoa com Defici\u00eancia \u201cViver sem Limites\u201d. As reuni\u00f5es ser\u00e3o realizadas no audit\u00f3rio do Sindicato dos Trabalhadores Rurais, sendo dia 25 das 09h \u00e0s 11h com secret\u00e1rios e gestores e a partir das 14h com conselhos municipais.<\/p>\n<p>Dia 26 as discuss\u00f5es ser\u00e1 com as entidades governamentais e n\u00e3o-governamentais durante todo o dia. O evento ter\u00e1 a participa\u00e7\u00e3o da consultora do Plano Viver Sem Limites para os estados do Maranh\u00e3o, Piau\u00ed e Tocantins Talita Sellene. A coordena\u00e7\u00e3o do evento \u00e9 da Secretaria Municipal de Assist\u00eancia Social.<strong> <\/strong><\/p>\n<p>O Plano Viver sem Limites prev\u00ea a implementa\u00e7\u00e3o dos apoios necess\u00e1rios ao exerc\u00edcio da capacidade legal por todas as pessoas com defici\u00eancia. O plano busca a equipara\u00e7\u00e3o de oportunidades para que a defici\u00eancia n\u00e3o seja usada como impedimento \u00e0 realiza\u00e7\u00e3o dos sonhos e dos projetos. O Viver sem Limites possui quatro eixos de atua\u00e7\u00e3o: acesso \u00e0 educa\u00e7\u00e3o, aten\u00e7\u00e3o \u00e0 sa\u00fade, inclus\u00e3o social e acessibilidade. Maiores informa\u00e7\u00f5es 89 3465-2272<\/p>\n","protected":false},"excerpt":{"rendered":"<p>As Secretarias Nacionais de Promo\u00e7\u00e3o dos Direitos da Pessoa com Defici\u00eancia, Secretaria de Direitos Humanos, Presid\u00eancia da Republica em parceria com a prefeitura de Valen\u00e7a ir\u00e1 realizar nesta quinta e&#8230;<\/p>\n","protected":false},"author":1,"featured_media":0,"comment_status":"open","ping_status":"open","sticky":false,"template":"","format":"standard","meta":{"ngg_post_thumbnail":0,"footnotes":""},"categories":[12],"tags":[],"class_list":["post-15567","post","type-post","status-publish","format-standard","hentry","category-valenca-news"],"views":380,"meta_data":{"thumb":"https:\/\/portalv1.com.br\/app\/wp-content\/uploads\/2013\/04\/viversemlimites-ed.jpg","data":{"simple":"23\/04\/2013","date_time":"23\/04\/2013 08:52:34","date":"h\u00e1 13 anos"},"chapeu":"Acessibilidade ","source":"foto_menor"},"_links":{"self":[{"href":"https:\/\/portalv1.com.br\/api\/wp\/v2\/posts\/15567","targetHints":{"allow":["GET"]}}],"collection":[{"href":"https:\/\/portalv1.com.br\/api\/wp\/v2\/posts"}],"about":[{"href":"https:\/\/portalv1.com.br\/api\/wp\/v2\/types\/post"}],"author":[{"embeddable":true,"href":"https:\/\/portalv1.com.br\/api\/wp\/v2\/users\/1"}],"replies":[{"embeddable":true,"href":"https:\/\/portalv1.com.br\/api\/wp\/v2\/comments?post=15567"}],"version-history":[{"count":0,"href":"https:\/\/portalv1.com.br\/api\/wp\/v2\/posts\/15567\/revisions"}],"wp:attachment":[{"href":"https:\/\/portalv1.com.br\/api\/wp\/v2\/media?parent=15567"}],"wp:term":[{"taxonomy":"category","embeddable":true,"href":"https:\/\/portalv1.com.br\/api\/wp\/v2\/categories?post=15567"},{"taxonomy":"post_tag","embeddable":true,"href":"https:\/\/portalv1.com.br\/api\/wp\/v2\/tags?post=15567"}],"curies":[{"name":"wp","href":"https:\/\/api.w.org\/{rel}","templated":true}]}}