{"id":15569,"date":"2013-04-23T11:55:08","date_gmt":"2013-04-23T14:55:08","guid":{"rendered":"https:\/\/portalv1.com.br\/?p=15569"},"modified":"2013-04-29T22:49:30","modified_gmt":"2013-04-30T01:49:30","slug":"festa-do-trabalhador-sera-dia-1o-de-maio-na-santa-rosa","status":"publish","type":"post","link":"https:\/\/portalv1.com.br\/festa-do-trabalhador-sera-dia-1o-de-maio-na-santa-rosa\/","title":{"rendered":"Festa do Trabalhador ser\u00e1 dia 1\u00ba de maio na Santa Rosa"},"content":{"rendered":"<figure id=\"attachment_2524\" aria-describedby=\"caption-attachment-2524\" style=\"width: 300px\" class=\"wp-caption alignright\"><a href=\"https:\/\/portalv1.com.br\/app\/wp-content\/uploads\/2010\/01\/santarosa.jpg\"><img loading=\"lazy\" decoding=\"async\" class=\"size-full wp-image-2524\" alt=\"Balne\u00e1rio Santa Rosa.\" src=\"https:\/\/portalv1.com.br\/app\/wp-content\/uploads\/2010\/01\/santarosa.jpg\" width=\"300\" height=\"183\" \/><\/a><figcaption id=\"caption-attachment-2524\" class=\"wp-caption-text\">Balne\u00e1rio Santa Rosa.<\/figcaption><\/figure>\n<p>Est\u00e1 chegando o grande dia da Festa do Trabalhador em Valen\u00e7a. O evento est\u00e1 marcado para o dia 1\u00ba de maio no Balne\u00e1rio Santa Rosa e reunir\u00e1 trabalhadores e trabalhadoras de Valen\u00e7a e regi\u00e3o. Promovido pelo Jornal Folha Valen\u00e7ana a festa ter\u00e1 a anima\u00e7\u00e3o de Cheiro da Terra e BB Sanfoneiro.<\/p>\n<p>Reginaldo Araujo diretor-presidente do jornal disse ao Portalv1 que o Balne\u00e1rio Santa Rosa est\u00e1 sendo todo preparado para oferecer ao publico conforto, divers\u00e3o, tira-gostos diversos e bebidas quentes e frias. A melhor op\u00e7\u00e3o para comemorar o Dia do Trabalhador em Valen\u00e7a \u00e9 sem duvidas a Festa do Trabalhador no Balne\u00e1rio Santa Rosa.<\/p>\n","protected":false},"excerpt":{"rendered":"<p>Est\u00e1 chegando o grande dia da Festa do Trabalhador em Valen\u00e7a. O evento est\u00e1 marcado para o dia 1\u00ba de maio no Balne\u00e1rio Santa Rosa e reunir\u00e1 trabalhadores e trabalhadoras&#8230;<\/p>\n","protected":false},"author":1,"featured_media":0,"comment_status":"open","ping_status":"open","sticky":false,"template":"","format":"standard","meta":{"ngg_post_thumbnail":0,"footnotes":""},"categories":[245],"tags":[],"class_list":["post-15569","post","type-post","status-publish","format-standard","hentry","category-entretenimento"],"views":616,"meta_data":{"thumb":"https:\/\/portalv1.com.br\/app\/wp-content\/uploads\/2010\/01\/santarosa.jpg","data":{"simple":"23\/04\/2013","date_time":"23\/04\/2013 08:55:08","date":"h\u00e1 13 anos"},"chapeu":"","source":"retirar"},"_links":{"self":[{"href":"https:\/\/portalv1.com.br\/api\/wp\/v2\/posts\/15569","targetHints":{"allow":["GET"]}}],"collection":[{"href":"https:\/\/portalv1.com.br\/api\/wp\/v2\/posts"}],"about":[{"href":"https:\/\/portalv1.com.br\/api\/wp\/v2\/types\/post"}],"author":[{"embeddable":true,"href":"https:\/\/portalv1.com.br\/api\/wp\/v2\/users\/1"}],"replies":[{"embeddable":true,"href":"https:\/\/portalv1.com.br\/api\/wp\/v2\/comments?post=15569"}],"version-history":[{"count":0,"href":"https:\/\/portalv1.com.br\/api\/wp\/v2\/posts\/15569\/revisions"}],"wp:attachment":[{"href":"https:\/\/portalv1.com.br\/api\/wp\/v2\/media?parent=15569"}],"wp:term":[{"taxonomy":"category","embeddable":true,"href":"https:\/\/portalv1.com.br\/api\/wp\/v2\/categories?post=15569"},{"taxonomy":"post_tag","embeddable":true,"href":"https:\/\/portalv1.com.br\/api\/wp\/v2\/tags?post=15569"}],"curies":[{"name":"wp","href":"https:\/\/api.w.org\/{rel}","templated":true}]}}