{"id":155798,"date":"2023-10-01T21:45:22","date_gmt":"2023-10-02T00:45:22","guid":{"rendered":"https:\/\/portalv1.com.br\/?p=155798"},"modified":"2023-10-01T21:45:22","modified_gmt":"2023-10-02T00:45:22","slug":"presidente-do-cmdca-de-valenca-divulga-resultado-da-eleicao-para-conselheiro-tutelar","status":"publish","type":"post","link":"https:\/\/portalv1.com.br\/presidente-do-cmdca-de-valenca-divulga-resultado-da-eleicao-para-conselheiro-tutelar\/","title":{"rendered":"Presidente do CMDCA de Valen\u00e7a divulga resultado da elei\u00e7\u00e3o para conselheiro tutelar"},"content":{"rendered":"<p>O Presidente do Conselho Municipal de Defesa dos Direitos da Crian\u00e7a e Adolescente (CMDCA) de Valen\u00e7a do Piaui, Francisco Carneiro divulgou o resultado do processo eleitoral para escolha dos novos membros do Conselho Tutelar da cidade de Valen\u00e7a do Piaui. A vota\u00e7\u00e3o teve in\u00edcio \u00e0s 08 horas e transcorreu at\u00e9 \u00e0s 17h.&nbsp;<a href=\"https:\/\/portalv1.com.br\/app\/wp-content\/uploads\/2023\/10\/RESULTADO-DA-ELEICAO-DE-CONSELHEIROS-TUTELARE_085745-2.pdf\">veja o resultado oficial <\/a><\/p>\n<p>\u201cTodo o processo foi tranquilo, at\u00e9 o momento n\u00e3o tivemos nenhuma eventualidade de m\u00e1 conduta formalizada. Os candidatos conseguiram chegar at\u00e9 aqui de forma pac\u00edfica e todos os envolvidos pela organiza\u00e7\u00e3o, fiscaliza\u00e7\u00e3o do processo eleitoral foram exemplares, em termo de comprometimento, zelo e presteza a todo o processo eleitoral\u201d avaliou o presidente que saudou aos eleitos.<\/p>\n<p>\u201cParabenizo aos candidatos eleitos por suas vit\u00f3rias. Que durante esses pr\u00f3ximos quatro anos, os mesmos possam d\u00e1 continuidade ao bel\u00edssimo trabalho que \u00e9 desenvolvido pelo nosso conselho tutelar de Valen\u00e7a do Piau\u00ed\u201d disse. <strong>Veja o resultado oficial.<\/strong><\/p>\n<p>1\u00ba FRANCISCO JOSIVALDO DE ARA\u00daJO 440 TITULAR<\/p>\n<p>2\u00ba MARIA ELIETE FERREIRA DA SILVA 338 TITULAR<\/p>\n<p>3\u00ba FRANCISCO DAS CHAGAS PEREIRA FERREIRA 288 TITULAR<\/p>\n<p>4\u00ba MARIA DA CRUZ ALVES 288 TITULAR<\/p>\n<p>5\u00ba ELISIANA DE SOUSA COSTA 284 TITULAR<\/p>\n<p>6\u00ba MARIA FRANCINAIRA DE SOUSA SANTOS 263 SUPLENTE<\/p>\n<p>7\u00ba TERESA SOARES DE ARA\u00daJO 246 SUPLENTE<\/p>\n<p>8\u00ba IANA MARIA DA SILVA S\u00c1 111 SUPLENTE<\/p>\n<p>9\u00ba LIDIANE LEITE DO NASCIMENTO 99 SUPLENTE<\/p>\n<p>10\u00ba RAIMUNDA MEIRISLANE FERREIRA DE OLIVEIRA 88 SUPLENTE<\/p>\n<p>11\u00ba JOYSE CARMEM NUNES LIMA 60 SUPLENTE<\/p>\n<p>12\u00ba ANGELA MARIA DE SOUSA BRITO 43 SUPLENTE<\/p>\n<p>13\u00ba RAFAELA RODRIGUES DA PAZ 35 SUPLENTE<\/p>\n<p>TOTAL: 2.583<\/p>\n<p>&nbsp;<\/p>\n","protected":false},"excerpt":{"rendered":"<p>O Presidente do Conselho Municipal de Defesa dos Direitos da Crian\u00e7a e Adolescente (CMDCA) de Valen\u00e7a do Piaui, Francisco Carneiro divulgou o resultado do processo eleitoral para escolha dos novos&#8230;<\/p>\n","protected":false},"author":1,"featured_media":155800,"comment_status":"open","ping_status":"open","sticky":false,"template":"","format":"standard","meta":{"ngg_post_thumbnail":0,"footnotes":""},"categories":[243],"tags":[],"class_list":["post-155798","post","type-post","status-publish","format-standard","has-post-thumbnail","hentry","category-geral"],"views":1962,"meta_data":{"thumb":"https:\/\/portalv1.com.br\/app\/wp-content\/uploads\/2023\/10\/WhatsApp-Image-2023-10-01-at-21.44.32.jpeg","imagem":{"fullsize":{"url":"https:\/\/portalv1.com.br\/app\/wp-content\/uploads\/2023\/10\/WhatsApp-Image-2023-10-01-at-21.44.32.jpeg","width":737,"height":806},"medium":{"url":"https:\/\/portalv1.com.br\/app\/wp-content\/uploads\/2023\/10\/WhatsApp-Image-2023-10-01-at-21.44.32-300x328.jpeg","width":300,"height":328},"large":{"url":"https:\/\/portalv1.com.br\/app\/wp-content\/uploads\/2023\/10\/WhatsApp-Image-2023-10-01-at-21.44.32-640x700.jpeg","width":640,"height":700},"thumbnail":{"url":"https:\/\/portalv1.com.br\/app\/wp-content\/uploads\/2023\/10\/WhatsApp-Image-2023-10-01-at-21.44.32-100x100.jpeg","width":100,"height":100}},"data":{"simple":"01\/10\/2023","date_time":"01\/10\/2023 18:45:22","date":"h\u00e1 3 anos"},"chapeu":"Saiba Detalhes ","source":"slide"},"_links":{"self":[{"href":"https:\/\/portalv1.com.br\/api\/wp\/v2\/posts\/155798","targetHints":{"allow":["GET"]}}],"collection":[{"href":"https:\/\/portalv1.com.br\/api\/wp\/v2\/posts"}],"about":[{"href":"https:\/\/portalv1.com.br\/api\/wp\/v2\/types\/post"}],"author":[{"embeddable":true,"href":"https:\/\/portalv1.com.br\/api\/wp\/v2\/users\/1"}],"replies":[{"embeddable":true,"href":"https:\/\/portalv1.com.br\/api\/wp\/v2\/comments?post=155798"}],"version-history":[{"count":0,"href":"https:\/\/portalv1.com.br\/api\/wp\/v2\/posts\/155798\/revisions"}],"wp:featuredmedia":[{"embeddable":true,"href":"https:\/\/portalv1.com.br\/api\/wp\/v2\/media\/155800"}],"wp:attachment":[{"href":"https:\/\/portalv1.com.br\/api\/wp\/v2\/media?parent=155798"}],"wp:term":[{"taxonomy":"category","embeddable":true,"href":"https:\/\/portalv1.com.br\/api\/wp\/v2\/categories?post=155798"},{"taxonomy":"post_tag","embeddable":true,"href":"https:\/\/portalv1.com.br\/api\/wp\/v2\/tags?post=155798"}],"curies":[{"name":"wp","href":"https:\/\/api.w.org\/{rel}","templated":true}]}}