{"id":15630,"date":"2013-04-30T21:02:03","date_gmt":"2013-05-01T00:02:03","guid":{"rendered":"https:\/\/portalv1.com.br\/?p=15630"},"modified":"2013-04-30T21:08:28","modified_gmt":"2013-05-01T00:08:28","slug":"garoto-eletrocutado-nao-resiste-a-cirurgias-e-morre-em-teresina","status":"publish","type":"post","link":"https:\/\/portalv1.com.br\/garoto-eletrocutado-nao-resiste-a-cirurgias-e-morre-em-teresina\/","title":{"rendered":"Garoto eletrocutado n\u00e3o resiste \u00e0 cirurgias e morre em Teresina"},"content":{"rendered":"<figure id=\"attachment_15622\" aria-describedby=\"caption-attachment-15622\" style=\"width: 300px\" class=\"wp-caption alignright\"><a href=\"https:\/\/portalv1.com.br\/app\/wp-content\/uploads\/2013\/04\/meninoeletrocu.jpg\"><img loading=\"lazy\" decoding=\"async\" class=\"size-medium wp-image-15622\" alt=\"Ernesto Emanuel\" src=\"https:\/\/portalv1.com.br\/app\/wp-content\/uploads\/2013\/04\/meninoeletrocu-300x199.jpg\" width=\"300\" height=\"199\" srcset=\"https:\/\/portalv1.com.br\/app\/wp-content\/uploads\/2013\/04\/meninoeletrocu-300x199.jpg 300w, https:\/\/portalv1.com.br\/app\/wp-content\/uploads\/2013\/04\/meninoeletrocu.jpg 455w\" sizes=\"auto, (max-width: 300px) 100vw, 300px\" \/><\/a><figcaption id=\"caption-attachment-15622\" class=\"wp-caption-text\">Ernesto Emanuel<\/figcaption><\/figure>\n<p>O menino Hernesto Emanoel da Silva Moraes, de 8 anos, atingido por fio de alta tens\u00e3o enquanto andava de bicicleta, quando caiu um transformador de energia na Rua Balsas, no bairro Matadouro, na zona Norte de Teresina, morreu na noite desta ter\u00e7a-feira (30).<\/p>\n<p>Ele teve as pernas amputadas durante cirurgia iniciada ainda na manh\u00e3 desta ter\u00e7a-feira e tamb\u00e9m perdeu o olho. O boletim m\u00e9dico divulgado no final da tarde de ter\u00e7a-feira informou que Hernesto Emanuel estava sedado sob efeito de medicamentos e passou por procedimento de hemodi\u00e1lise.<\/p>\n<p>O boletim, assinado pelo m\u00e9dico Marcelo Burlamarque Nunes, diretor da UTI (Unidade de Terapia Intensiva) do Hospital Prontomed, e pelo m\u00e9dico intensivista pedi\u00e1trico Carlos Fl\u00e1vio Lopes Bonfim, afirmou que o estado do garoto era grav\u00edssimo.<\/p>\n<p>Hernesto Emanoel foi submetido a cirurgia de amputa\u00e7\u00e3o dos membros inferiores bilateralmente e escarifica\u00e7\u00e3o de \u00e1reas cut\u00e2neas comprometidas pelas queimaduras causadas pela alta tens\u00e3o do fio que o atingiu.<\/p>\n<p>O garoto respirava com ajuda de ventila\u00e7\u00e3o mec\u00e2nica.<\/p>\n<p>Hernesto Emanoel da Silva Moraes sofreu o choque e ficou com o corpo emaranhado pelos fios el\u00e9tricos na noite de segunda-feira. Ele foi levado inicialmente para o HUT (Hospital de Urg\u00eancia de Teresina) e foi transferido para a Unidade de Terapia Intensiva (UTI) do Hospital Prontomed.<\/p>\n<p>De acordo com a assessoria de comunica\u00e7\u00e3o do HUT, ap\u00f3s o acidente Hernesto Emanuel foi levado para o hospital municipal. No local, a fam\u00edlia informou que tinha plano de sa\u00fade e como seu estado era grave e necessitava de uma UTI, a equipe de assist\u00eancia social entrou em contato com o plano, mas o mesmo informou que tamb\u00e9m n\u00e3o havia vaga na UTI do hospital credenciado, por\u00e9m a equipe m\u00e9dica do HUT acordou que era melhor ele ir para uma unidade que o plano cobria do que ficar na semi-intensiva do HUT. E somente ap\u00f3s esse entendimento ele foi transferido.<\/p>\n<p>Um transformador de energia explodiu e um fio energizado atingiu Ernesto Emanoel da Silva Moraes, que ficou gravemente ferido, ficou com v\u00e1rios ferimentos pelo corpo e suas roupas tamb\u00e9m foram queimadas. Uma equipe da Eletrobras foi designada para apurar as causas do acidente.<\/p>\n<p>De acordo com a assessoria de comunica\u00e7\u00e3o da Eletrobras, a per\u00edcia est\u00e1 fazendo o levantamento e ap\u00f3s o resultado ser\u00e1 divulgada uma nota oficial.<\/p>\n<p>A Eletrobras informou ainda que lamenta o ocorrido e desde o momento que tomou conhecimento do fato est\u00e1 prestando toda a assist\u00eancia \u00e0 crian\u00e7a e \u00e0 fam\u00edlia. Segundo os moradores da Rua Balsas, no Matadouro, um dos fios de alta tens\u00e3o caiu enquanto a crian\u00e7a passava de bicicleta pela cal\u00e7ada. A energia el\u00e9trica provocou chamas no corpo do menino.<\/p>\n<p>Gilvan Moreira que passava pelo local afirmou que o fio atingiu a bicicleta, o que pode ter evitado que a crian\u00e7a morresse imediatamente.<\/p>\n<p>Em todo o bairro foram registradas oscila\u00e7\u00f5es de energia, e os moradores est\u00e3o revoltados pelo acidente que vitimou a crian\u00e7a.<\/p>\n<p>A m\u00e3e do garoto, V\u00e1ldima Pereira da Silva, disse que na hora n\u00e3o chovia. &#8220;N\u00e3o estava chovendo, relampejando, trovejando, simplesmente o fio caiu e acertou o meu filho&#8221;, declarou Valdima Pereira da Silva.<\/p>\n<p>Fonte: Meionorte<\/p>\n<p>&nbsp;<\/p>\n","protected":false},"excerpt":{"rendered":"<p>O menino Hernesto Emanoel da Silva Moraes, de 8 anos, atingido por fio de alta tens\u00e3o enquanto andava de bicicleta, quando caiu um transformador de energia na Rua Balsas, no&#8230;<\/p>\n","protected":false},"author":1,"featured_media":0,"comment_status":"open","ping_status":"open","sticky":false,"template":"","format":"standard","meta":{"ngg_post_thumbnail":0,"footnotes":""},"categories":[12],"tags":[],"class_list":["post-15630","post","type-post","status-publish","format-standard","hentry","category-valenca-news"],"views":1781,"meta_data":{"thumb":"https:\/\/portalv1.com.br\/app\/wp-content\/uploads\/2013\/04\/meninoeletrocu.jpg","data":{"simple":"30\/04\/2013","date_time":"30\/04\/2013 18:02:03","date":"h\u00e1 13 anos"},"chapeu":"Eletrobras","source":"m_destacada"},"_links":{"self":[{"href":"https:\/\/portalv1.com.br\/api\/wp\/v2\/posts\/15630","targetHints":{"allow":["GET"]}}],"collection":[{"href":"https:\/\/portalv1.com.br\/api\/wp\/v2\/posts"}],"about":[{"href":"https:\/\/portalv1.com.br\/api\/wp\/v2\/types\/post"}],"author":[{"embeddable":true,"href":"https:\/\/portalv1.com.br\/api\/wp\/v2\/users\/1"}],"replies":[{"embeddable":true,"href":"https:\/\/portalv1.com.br\/api\/wp\/v2\/comments?post=15630"}],"version-history":[{"count":0,"href":"https:\/\/portalv1.com.br\/api\/wp\/v2\/posts\/15630\/revisions"}],"wp:attachment":[{"href":"https:\/\/portalv1.com.br\/api\/wp\/v2\/media?parent=15630"}],"wp:term":[{"taxonomy":"category","embeddable":true,"href":"https:\/\/portalv1.com.br\/api\/wp\/v2\/categories?post=15630"},{"taxonomy":"post_tag","embeddable":true,"href":"https:\/\/portalv1.com.br\/api\/wp\/v2\/tags?post=15630"}],"curies":[{"name":"wp","href":"https:\/\/api.w.org\/{rel}","templated":true}]}}