{"id":15633,"date":"2013-04-30T21:30:39","date_gmt":"2013-05-01T00:30:39","guid":{"rendered":"https:\/\/portalv1.com.br\/?p=15633"},"modified":"2013-05-01T23:46:29","modified_gmt":"2013-05-02T02:46:29","slug":"elesbao-veloso-idosa-de-74-anos-morre-apos-ser-atacada-por-boi","status":"publish","type":"post","link":"https:\/\/portalv1.com.br\/elesbao-veloso-idosa-de-74-anos-morre-apos-ser-atacada-por-boi\/","title":{"rendered":"Elesb\u00e3o Veloso: Idosa de 74 anos morre ap\u00f3s ser atacada por boi"},"content":{"rendered":"<figure id=\"attachment_15634\" aria-describedby=\"caption-attachment-15634\" style=\"width: 300px\" class=\"wp-caption alignright\"><a href=\"https:\/\/portalv1.com.br\/app\/wp-content\/uploads\/2013\/04\/elesbao.jpg\"><img loading=\"lazy\" decoding=\"async\" class=\"size-medium wp-image-15634\" alt=\"Francisca Nunes Osternes (Elesbaonews)\" src=\"https:\/\/portalv1.com.br\/app\/wp-content\/uploads\/2013\/04\/elesbao-300x224.jpg\" width=\"300\" height=\"224\" srcset=\"https:\/\/portalv1.com.br\/app\/wp-content\/uploads\/2013\/04\/elesbao-300x224.jpg 300w, https:\/\/portalv1.com.br\/app\/wp-content\/uploads\/2013\/04\/elesbao.jpg 455w\" sizes=\"auto, (max-width: 300px) 100vw, 300px\" \/><\/a><figcaption id=\"caption-attachment-15634\" class=\"wp-caption-text\">Francisca Nunes Osternes (Elesbaonews)<\/figcaption><\/figure>\n<p>A aposentada Francisca Nunes Osternes, 74 anos, morreu ap\u00f3s ser atacada por um boi no munic\u00edpio de Elesb\u00e3o Veloso. O caso aconteceu ap\u00f3s o animal pular e conseguir fugir de um dos currais do matadouro municipal,atacando a idosa que passava pela rua.<\/p>\n<p>No acidente, a idosa foi chifrada v\u00e1rias vezes e fraturou um de seus bra\u00e7os, provocando ainda a quebra de algumas costelas.<\/p>\n<p>O delegado Odilo Sena explica que o acidente foi considerado uma fatalidade e que a fam\u00edlia da idosa n\u00e3o registrou nenhuma queixa. &#8220;O animal j\u00e1 ia sendo levado para o matadouro e durante a retirada do boi aconteceu o acidente. Pelo que apuramos n\u00e3o houve neglig\u00eancia e foi realmente uma fatalidade&#8221;, ressalta.<\/p>\n<p>Ap\u00f3s o ataque, Francisca Nunes permaneceu internada em Teresina por quase uma semana e foi liberada para retornar \u00e0 Elesb\u00e3o Veloso, onde estava sendo medicada, mas n\u00e3o conseguiu se recuperar do acidente.<\/p>\n<p>&nbsp;<\/p>\n<p>Cidadeverde<\/p>\n","protected":false},"excerpt":{"rendered":"<p>A aposentada Francisca Nunes Osternes, 74 anos, morreu ap\u00f3s ser atacada por um boi no munic\u00edpio de Elesb\u00e3o Veloso. O caso aconteceu ap\u00f3s o animal pular e conseguir fugir de&#8230;<\/p>\n","protected":false},"author":1,"featured_media":0,"comment_status":"open","ping_status":"open","sticky":false,"template":"","format":"standard","meta":{"ngg_post_thumbnail":0,"footnotes":""},"categories":[12],"tags":[],"class_list":["post-15633","post","type-post","status-publish","format-standard","hentry","category-valenca-news"],"views":986,"meta_data":{"thumb":"https:\/\/portalv1.com.br\/app\/wp-content\/uploads\/2013\/04\/elesbao.jpg","data":{"simple":"30\/04\/2013","date_time":"30\/04\/2013 18:30:39","date":"h\u00e1 13 anos"},"chapeu":"Acidente","source":"retirar"},"_links":{"self":[{"href":"https:\/\/portalv1.com.br\/api\/wp\/v2\/posts\/15633","targetHints":{"allow":["GET"]}}],"collection":[{"href":"https:\/\/portalv1.com.br\/api\/wp\/v2\/posts"}],"about":[{"href":"https:\/\/portalv1.com.br\/api\/wp\/v2\/types\/post"}],"author":[{"embeddable":true,"href":"https:\/\/portalv1.com.br\/api\/wp\/v2\/users\/1"}],"replies":[{"embeddable":true,"href":"https:\/\/portalv1.com.br\/api\/wp\/v2\/comments?post=15633"}],"version-history":[{"count":0,"href":"https:\/\/portalv1.com.br\/api\/wp\/v2\/posts\/15633\/revisions"}],"wp:attachment":[{"href":"https:\/\/portalv1.com.br\/api\/wp\/v2\/media?parent=15633"}],"wp:term":[{"taxonomy":"category","embeddable":true,"href":"https:\/\/portalv1.com.br\/api\/wp\/v2\/categories?post=15633"},{"taxonomy":"post_tag","embeddable":true,"href":"https:\/\/portalv1.com.br\/api\/wp\/v2\/tags?post=15633"}],"curies":[{"name":"wp","href":"https:\/\/api.w.org\/{rel}","templated":true}]}}