{"id":156484,"date":"2023-10-10T16:41:26","date_gmt":"2023-10-10T19:41:26","guid":{"rendered":"https:\/\/portalv1.com.br\/?p=156484"},"modified":"2023-10-10T16:41:26","modified_gmt":"2023-10-10T19:41:26","slug":"prefeitura-de-valenca-do-piaui-decreta-ponto-facultativo-nesta-sexta-feira-13-de-outubro","status":"publish","type":"post","link":"https:\/\/portalv1.com.br\/prefeitura-de-valenca-do-piaui-decreta-ponto-facultativo-nesta-sexta-feira-13-de-outubro\/","title":{"rendered":"Prefeitura de Valen\u00e7a do Piaui decreta ponto facultativo nesta sexta-feira, 13 de outubro"},"content":{"rendered":"<p>A Prefeitura de Valen\u00e7a do Piaui decretou ponto facultativo no dia 13 de outubro, sexta-feira, data que sucede o feriado nacional de Nossa Senhora Aparecida, Padroeira do Brasil. O decreto de n\u00famero 45, assinado pelo prefeito municipal Marcelo Costa nesta ter\u00e7a-feira, 10 de outubro.&nbsp;<a href=\"https:\/\/portalv1.com.br\/app\/wp-content\/uploads\/2023\/10\/DECRETO-No-045-2023.pdf\">Acesse aqui o decreto <\/a><\/p>\n<p><strong>CONSIDERANDO <\/strong>o feriado nacional do dia 12 de outubro, em comemora\u00e7\u00e3o ao Dia de Nossa Senhora Aparecida, Padroeira do Brasil;<\/p>\n<p><strong>DECRETA:<\/strong><\/p>\n<p>Art. 1\u00ba. Fica facultado o ponto o dia 13 de outubro de 2023 (sexta-feira), em todos os \u00f3rg\u00e3os da Administra\u00e7\u00e3o P\u00fablica Municipal de Valen\u00e7a do Piau\u00ed-PI.<\/p>\n<p>Art. 2\u00ba. As atividades essenciais de sa\u00fade e limpeza urbana manter\u00e3o os servi\u00e7os em atividade m\u00ednima e indispens\u00e1vel \u00e0 popula\u00e7\u00e3o, sobre os quais decidir\u00e1 o \u00f3rg\u00e3o competente acerca do seu funcionamento.<\/p>\n<p>Art. 3\u00ba. Este Decreto entra em vigor na data de sua publica\u00e7\u00e3o.<\/p>\n<p>Gabinete do Prefeito Municipal de Valen\u00e7a do Piau\u00ed-PI, em 10 de outubro de 2023<\/p>\n<p>&nbsp;<\/p>\n<p>&nbsp;<\/p>\n","protected":false},"excerpt":{"rendered":"<p>A Prefeitura de Valen\u00e7a do Piaui decretou ponto facultativo no dia 13 de outubro, sexta-feira, data que sucede o feriado nacional de Nossa Senhora Aparecida, Padroeira do Brasil. O decreto&#8230;<\/p>\n","protected":false},"author":1,"featured_media":86733,"comment_status":"open","ping_status":"open","sticky":false,"template":"","format":"standard","meta":{"ngg_post_thumbnail":0,"footnotes":""},"categories":[243],"tags":[],"class_list":["post-156484","post","type-post","status-publish","format-standard","has-post-thumbnail","hentry","category-geral"],"views":1002,"meta_data":{"thumb":"https:\/\/portalv1.com.br\/app\/wp-content\/uploads\/2020\/06\/95923120_1582792875218335_8549471421636542464_n.jpg","imagem":{"fullsize":{"url":"https:\/\/portalv1.com.br\/app\/wp-content\/uploads\/2020\/06\/95923120_1582792875218335_8549471421636542464_n.jpg","width":600,"height":295},"medium":{"url":"https:\/\/portalv1.com.br\/app\/wp-content\/uploads\/2020\/06\/95923120_1582792875218335_8549471421636542464_n-300x148.jpg","width":300,"height":148},"thumbnail":{"url":"https:\/\/portalv1.com.br\/app\/wp-content\/uploads\/2020\/06\/95923120_1582792875218335_8549471421636542464_n-100x100.jpg","width":100,"height":100}},"data":{"simple":"10\/10\/2023","date_time":"10\/10\/2023 13:41:26","date":"h\u00e1 3 anos"},"chapeu":"Veja decreto ","source":"slide"},"_links":{"self":[{"href":"https:\/\/portalv1.com.br\/api\/wp\/v2\/posts\/156484","targetHints":{"allow":["GET"]}}],"collection":[{"href":"https:\/\/portalv1.com.br\/api\/wp\/v2\/posts"}],"about":[{"href":"https:\/\/portalv1.com.br\/api\/wp\/v2\/types\/post"}],"author":[{"embeddable":true,"href":"https:\/\/portalv1.com.br\/api\/wp\/v2\/users\/1"}],"replies":[{"embeddable":true,"href":"https:\/\/portalv1.com.br\/api\/wp\/v2\/comments?post=156484"}],"version-history":[{"count":0,"href":"https:\/\/portalv1.com.br\/api\/wp\/v2\/posts\/156484\/revisions"}],"wp:featuredmedia":[{"embeddable":true,"href":"https:\/\/portalv1.com.br\/api\/wp\/v2\/media\/86733"}],"wp:attachment":[{"href":"https:\/\/portalv1.com.br\/api\/wp\/v2\/media?parent=156484"}],"wp:term":[{"taxonomy":"category","embeddable":true,"href":"https:\/\/portalv1.com.br\/api\/wp\/v2\/categories?post=156484"},{"taxonomy":"post_tag","embeddable":true,"href":"https:\/\/portalv1.com.br\/api\/wp\/v2\/tags?post=156484"}],"curies":[{"name":"wp","href":"https:\/\/api.w.org\/{rel}","templated":true}]}}