{"id":156712,"date":"2023-10-14T23:31:45","date_gmt":"2023-10-15T02:31:45","guid":{"rendered":"https:\/\/portalv1.com.br\/?p=156712"},"modified":"2023-10-15T11:27:43","modified_gmt":"2023-10-15T14:27:43","slug":"homem-e-preso-em-aroazes-por-tentativa-de-homicidio-e-furto","status":"publish","type":"post","link":"https:\/\/portalv1.com.br\/homem-e-preso-em-aroazes-por-tentativa-de-homicidio-e-furto\/","title":{"rendered":"Homem \u00e9 preso em Aroazes por tentativa de homic\u00eddio e furto"},"content":{"rendered":"<p>A Pol\u00edcia Militar efetuou neste s\u00e1bado (14), a pris\u00e3o de um homem das iniciais E.F.A de 33 anos pelos crimes de tentativa de homic\u00eddio e furto na cidade de Aroazes. De acordo do Grupamento da Policia Militar, a vitima A.R.P.C de 49 anos estava dormindo em sua resid\u00eancia por volta do meio-dia, quando foi surpreendido pelo suspeito na sala de sua resid\u00eancia armado com uma faca.<\/p>\n<p>Os dois v\u00edtima e acusado s\u00e3o intrigados e felizmente a vitima acordou a tempo e conseguiu se livrar do esfaqueamento sofrendo apenas um corte na testa.<\/p>\n<p>Logo depois ele conseguiu fugir e foi at\u00e9 a sede do GPM, onde noticiou o crime. Com o suspeito j\u00e1 identificado, a policia conseguiu det\u00ea-lo em sua resid\u00eancia e recuperar os objetos roubados: um botij\u00e3o, duas foices, um par de botas uma toalha e um pandeiro, al\u00e9m da faca.<\/p>\n<p>O acusado se encontra preso na Delegacia Regional de Pol\u00edcia em Valen\u00e7a, a disposi\u00e7\u00e3o da Justi\u00e7a.<a href=\"https:\/\/portalv1.com.br\/app\/wp-content\/uploads\/2023\/10\/e425c073-055e-4ae7-b21c-d02ee458c9e6.jpg\"><img loading=\"lazy\" decoding=\"async\" class=\"aligncenter size-large wp-image-156713\" src=\"https:\/\/portalv1.com.br\/app\/wp-content\/uploads\/2023\/10\/e425c073-055e-4ae7-b21c-d02ee458c9e6-640x640.jpg\" alt=\"\" width=\"600\" height=\"600\" srcset=\"https:\/\/portalv1.com.br\/app\/wp-content\/uploads\/2023\/10\/e425c073-055e-4ae7-b21c-d02ee458c9e6-640x640.jpg 640w, https:\/\/portalv1.com.br\/app\/wp-content\/uploads\/2023\/10\/e425c073-055e-4ae7-b21c-d02ee458c9e6-300x300.jpg 300w, https:\/\/portalv1.com.br\/app\/wp-content\/uploads\/2023\/10\/e425c073-055e-4ae7-b21c-d02ee458c9e6-100x100.jpg 100w, https:\/\/portalv1.com.br\/app\/wp-content\/uploads\/2023\/10\/e425c073-055e-4ae7-b21c-d02ee458c9e6-768x768.jpg 768w, https:\/\/portalv1.com.br\/app\/wp-content\/uploads\/2023\/10\/e425c073-055e-4ae7-b21c-d02ee458c9e6.jpg 1440w\" sizes=\"auto, (max-width: 600px) 100vw, 600px\" \/><\/a><\/p>\n","protected":false},"excerpt":{"rendered":"<p>A Pol\u00edcia Militar efetuou neste s\u00e1bado (14), a pris\u00e3o de um homem das iniciais E.F.A de 33 anos pelos crimes de tentativa de homic\u00eddio e furto na cidade de Aroazes&#8230;.<\/p>\n","protected":false},"author":1,"featured_media":156713,"comment_status":"open","ping_status":"open","sticky":false,"template":"","format":"standard","meta":{"ngg_post_thumbnail":0,"footnotes":""},"categories":[243],"tags":[],"class_list":["post-156712","post","type-post","status-publish","format-standard","has-post-thumbnail","hentry","category-geral"],"views":448,"meta_data":{"thumb":"https:\/\/portalv1.com.br\/app\/wp-content\/uploads\/2023\/10\/e425c073-055e-4ae7-b21c-d02ee458c9e6.jpg","imagem":{"fullsize":{"url":"https:\/\/portalv1.com.br\/app\/wp-content\/uploads\/2023\/10\/e425c073-055e-4ae7-b21c-d02ee458c9e6.jpg","width":1440,"height":1440},"medium":{"url":"https:\/\/portalv1.com.br\/app\/wp-content\/uploads\/2023\/10\/e425c073-055e-4ae7-b21c-d02ee458c9e6-300x300.jpg","width":300,"height":300},"large":{"url":"https:\/\/portalv1.com.br\/app\/wp-content\/uploads\/2023\/10\/e425c073-055e-4ae7-b21c-d02ee458c9e6-640x640.jpg","width":640,"height":640},"thumbnail":{"url":"https:\/\/portalv1.com.br\/app\/wp-content\/uploads\/2023\/10\/e425c073-055e-4ae7-b21c-d02ee458c9e6-100x100.jpg","width":100,"height":100},"medium_large":{"url":"https:\/\/portalv1.com.br\/app\/wp-content\/uploads\/2023\/10\/e425c073-055e-4ae7-b21c-d02ee458c9e6-768x768.jpg","width":768,"height":768}},"data":{"simple":"14\/10\/2023","date_time":"14\/10\/2023 20:31:45","date":"h\u00e1 3 anos"},"chapeu":"Grupamento da Policia Militar","source":"m_destacada"},"_links":{"self":[{"href":"https:\/\/portalv1.com.br\/api\/wp\/v2\/posts\/156712","targetHints":{"allow":["GET"]}}],"collection":[{"href":"https:\/\/portalv1.com.br\/api\/wp\/v2\/posts"}],"about":[{"href":"https:\/\/portalv1.com.br\/api\/wp\/v2\/types\/post"}],"author":[{"embeddable":true,"href":"https:\/\/portalv1.com.br\/api\/wp\/v2\/users\/1"}],"replies":[{"embeddable":true,"href":"https:\/\/portalv1.com.br\/api\/wp\/v2\/comments?post=156712"}],"version-history":[{"count":0,"href":"https:\/\/portalv1.com.br\/api\/wp\/v2\/posts\/156712\/revisions"}],"wp:featuredmedia":[{"embeddable":true,"href":"https:\/\/portalv1.com.br\/api\/wp\/v2\/media\/156713"}],"wp:attachment":[{"href":"https:\/\/portalv1.com.br\/api\/wp\/v2\/media?parent=156712"}],"wp:term":[{"taxonomy":"category","embeddable":true,"href":"https:\/\/portalv1.com.br\/api\/wp\/v2\/categories?post=156712"},{"taxonomy":"post_tag","embeddable":true,"href":"https:\/\/portalv1.com.br\/api\/wp\/v2\/tags?post=156712"}],"curies":[{"name":"wp","href":"https:\/\/api.w.org\/{rel}","templated":true}]}}