{"id":157412,"date":"2023-10-27T08:50:23","date_gmt":"2023-10-27T11:50:23","guid":{"rendered":"https:\/\/portalv1.com.br\/?p=157412"},"modified":"2023-10-27T08:50:23","modified_gmt":"2023-10-27T11:50:23","slug":"campanha-de-vacinacao-antirrabica-sera-realizada-neste-sabado-em-valenca-do-piaui","status":"publish","type":"post","link":"https:\/\/portalv1.com.br\/campanha-de-vacinacao-antirrabica-sera-realizada-neste-sabado-em-valenca-do-piaui\/","title":{"rendered":"Campanha de vacina\u00e7\u00e3o antirr\u00e1bica ser\u00e1 realizada neste s\u00e1bado em Valen\u00e7a do Piaui"},"content":{"rendered":"<p>A Secretaria Municipal de Sa\u00fade de Valen\u00e7a do Piaui, realiza nesse s\u00e1bado (28), a Campanha de Vacina\u00e7\u00e3o Antirr\u00e1bica em c\u00e3es e gatos a partir de 3 meses de idade, a vacina\u00e7\u00e3o ser\u00e1 realizada das 8h \u00e0s 16h30 nos postos e em locais como: Amando Lima, Vale-verde, I\u00eada Lima Verde, Lavanderia, Abrigo, Valentim (CSU), Regional, Novo Horizonte, Posto de Sa\u00fade, CAIC, Centro, Morada Nova e Barrinha. &nbsp;&nbsp;<\/p>\n<p>A raiva \u00e9 uma doen\u00e7a infecciosa causada por um v\u00edrus, n\u00e3o tem cura e, se n\u00e3o houver preven\u00e7\u00e3o e controle, pode levar \u00e0 morte. \u00c9 uma zoonose (doen\u00e7a que pode ser transmitida do animal para o ser humano) e o v\u00edrus pode estar presente na saliva de um animal infectado, podendo ser transmitido atrav\u00e9s de mordida, arranh\u00e3o ou lambedura. C\u00e3es e gatos dom\u00e9sticos, morcegos e outros mam\u00edferos silvestres podem transmitir a doen\u00e7a e a vacina\u00e7\u00e3o permanece sendo a principal a\u00e7\u00e3o de prote\u00e7\u00e3o dos animais contra a raiva e consequentemente de prote\u00e7\u00e3o ao homem.<\/p>\n<p>\u201c\u00c9 recomendado que no dia os c\u00e3es estejam com coleira e guia, os gatos devem est\u00e1 preso, em caixa de transporte. Os animais com temperamento agressivo devem est\u00e1 com focinheira\u201d pede o comunicado.<a href=\"https:\/\/portalv1.com.br\/app\/wp-content\/uploads\/2023\/10\/WhatsApp-Image-2023-10-26-at-20.36.23.jpeg\"><img loading=\"lazy\" decoding=\"async\" class=\"aligncenter size-large wp-image-157413\" src=\"https:\/\/portalv1.com.br\/app\/wp-content\/uploads\/2023\/10\/WhatsApp-Image-2023-10-26-at-20.36.23-640x636.jpeg\" alt=\"\" width=\"600\" height=\"596\" srcset=\"https:\/\/portalv1.com.br\/app\/wp-content\/uploads\/2023\/10\/WhatsApp-Image-2023-10-26-at-20.36.23-640x636.jpeg 640w, https:\/\/portalv1.com.br\/app\/wp-content\/uploads\/2023\/10\/WhatsApp-Image-2023-10-26-at-20.36.23-300x298.jpeg 300w, https:\/\/portalv1.com.br\/app\/wp-content\/uploads\/2023\/10\/WhatsApp-Image-2023-10-26-at-20.36.23-100x100.jpeg 100w, https:\/\/portalv1.com.br\/app\/wp-content\/uploads\/2023\/10\/WhatsApp-Image-2023-10-26-at-20.36.23-768x764.jpeg 768w, https:\/\/portalv1.com.br\/app\/wp-content\/uploads\/2023\/10\/WhatsApp-Image-2023-10-26-at-20.36.23.jpeg 1080w\" sizes=\"auto, (max-width: 600px) 100vw, 600px\" \/><\/a><\/p>\n","protected":false},"excerpt":{"rendered":"<p>A Secretaria Municipal de Sa\u00fade de Valen\u00e7a do Piaui, realiza nesse s\u00e1bado (28), a Campanha de Vacina\u00e7\u00e3o Antirr\u00e1bica em c\u00e3es e gatos a partir de 3 meses de idade, a&#8230;<\/p>\n","protected":false},"author":1,"featured_media":157413,"comment_status":"open","ping_status":"open","sticky":false,"template":"","format":"standard","meta":{"ngg_post_thumbnail":0,"footnotes":""},"categories":[243],"tags":[],"class_list":["post-157412","post","type-post","status-publish","format-standard","has-post-thumbnail","hentry","category-geral"],"views":163,"meta_data":{"thumb":"https:\/\/portalv1.com.br\/app\/wp-content\/uploads\/2023\/10\/WhatsApp-Image-2023-10-26-at-20.36.23.jpeg","imagem":{"fullsize":{"url":"https:\/\/portalv1.com.br\/app\/wp-content\/uploads\/2023\/10\/WhatsApp-Image-2023-10-26-at-20.36.23.jpeg","width":1080,"height":1074},"medium":{"url":"https:\/\/portalv1.com.br\/app\/wp-content\/uploads\/2023\/10\/WhatsApp-Image-2023-10-26-at-20.36.23-300x298.jpeg","width":300,"height":298},"large":{"url":"https:\/\/portalv1.com.br\/app\/wp-content\/uploads\/2023\/10\/WhatsApp-Image-2023-10-26-at-20.36.23-640x636.jpeg","width":640,"height":636},"thumbnail":{"url":"https:\/\/portalv1.com.br\/app\/wp-content\/uploads\/2023\/10\/WhatsApp-Image-2023-10-26-at-20.36.23-100x100.jpeg","width":100,"height":100},"medium_large":{"url":"https:\/\/portalv1.com.br\/app\/wp-content\/uploads\/2023\/10\/WhatsApp-Image-2023-10-26-at-20.36.23-768x764.jpeg","width":768,"height":764}},"data":{"simple":"27\/10\/2023","date_time":"27\/10\/2023 05:50:23","date":"h\u00e1 3 anos"},"chapeu":"VEJA OS LOCAIS ","source":"slide"},"_links":{"self":[{"href":"https:\/\/portalv1.com.br\/api\/wp\/v2\/posts\/157412","targetHints":{"allow":["GET"]}}],"collection":[{"href":"https:\/\/portalv1.com.br\/api\/wp\/v2\/posts"}],"about":[{"href":"https:\/\/portalv1.com.br\/api\/wp\/v2\/types\/post"}],"author":[{"embeddable":true,"href":"https:\/\/portalv1.com.br\/api\/wp\/v2\/users\/1"}],"replies":[{"embeddable":true,"href":"https:\/\/portalv1.com.br\/api\/wp\/v2\/comments?post=157412"}],"version-history":[{"count":0,"href":"https:\/\/portalv1.com.br\/api\/wp\/v2\/posts\/157412\/revisions"}],"wp:featuredmedia":[{"embeddable":true,"href":"https:\/\/portalv1.com.br\/api\/wp\/v2\/media\/157413"}],"wp:attachment":[{"href":"https:\/\/portalv1.com.br\/api\/wp\/v2\/media?parent=157412"}],"wp:term":[{"taxonomy":"category","embeddable":true,"href":"https:\/\/portalv1.com.br\/api\/wp\/v2\/categories?post=157412"},{"taxonomy":"post_tag","embeddable":true,"href":"https:\/\/portalv1.com.br\/api\/wp\/v2\/tags?post=157412"}],"curies":[{"name":"wp","href":"https:\/\/api.w.org\/{rel}","templated":true}]}}