{"id":15767,"date":"2013-05-15T21:48:37","date_gmt":"2013-05-16T00:48:37","guid":{"rendered":"https:\/\/portalv1.com.br\/?p=15767"},"modified":"2013-05-15T21:48:37","modified_gmt":"2013-05-16T00:48:37","slug":"robert-rios-confirma-exumacao-no-corpo-do-gerente-do-banco-do-brasil","status":"publish","type":"post","link":"https:\/\/portalv1.com.br\/robert-rios-confirma-exumacao-no-corpo-do-gerente-do-banco-do-brasil\/","title":{"rendered":"Robert Rios confirma exuma\u00e7\u00e3o no corpo do gerente do Banco do Brasil"},"content":{"rendered":"<figure id=\"attachment_13994\" aria-describedby=\"caption-attachment-13994\" style=\"width: 300px\" class=\"wp-caption alignright\"><a href=\"https:\/\/portalv1.com.br\/app\/wp-content\/uploads\/2012\/11\/robert-rios.jpg\"><img loading=\"lazy\" decoding=\"async\" class=\"size-medium wp-image-13994\" alt=\"Robert Rios secret\u00e1rio estadual de seguran\u00e7a\" src=\"https:\/\/portalv1.com.br\/app\/wp-content\/uploads\/2012\/11\/robert-rios-300x199.jpg\" width=\"300\" height=\"199\" srcset=\"https:\/\/portalv1.com.br\/app\/wp-content\/uploads\/2012\/11\/robert-rios-300x199.jpg 300w, https:\/\/portalv1.com.br\/app\/wp-content\/uploads\/2012\/11\/robert-rios.jpg 350w\" sizes=\"auto, (max-width: 300px) 100vw, 300px\" \/><\/a><figcaption id=\"caption-attachment-13994\" class=\"wp-caption-text\">Robert Rios secret\u00e1rio estadual de seguran\u00e7a<\/figcaption><\/figure>\n<p>O secret\u00e1rio Estadual de Seguran\u00e7a Robert Rios Magalh\u00e3es confirmou oficialmente, nesta quarta-feira (15), que o corpo do gerente do Banco do Brasil de Miguel Alves, Ademyston Rodrigues, ser\u00e1 exumado.<\/p>\n<p>O corpo ser\u00e1 encaminhado para Teresina e exames ser\u00e3o realizados no hospital Get\u00falio Vargas. O gerente foi sepultado no cemit\u00e9rio municipal de Pimenteiras, a 252 quil\u00f4metros da capital do Piau\u00ed.<\/p>\n<p>O gestor afirmou que a per\u00edcia ser\u00e1 mais complexa. \u201cSer\u00e3o feitos exames como raios-x e resson\u00e2ncia magn\u00e9tica para uma an\u00e1lise mais aprofundada&#8221;, disse Robert Rios.<\/p>\n<p>Na morte do gerente est\u00e1 sendo questionado sobre quantos tiros o corpo recebeu e em que locais j\u00e1 que a per\u00edcia no IML revelou apenas um tiro. H\u00e1 suspeita de poder\u00e1 ter sido dois.<\/p>\n<p>A data n\u00e3o foi divulgada, mas segundo o gestor ser\u00e1 \u201co mais breve poss\u00edvel\u201d. O gerente foi morto durante assalto a ag\u00eancia banc\u00e1ria no dia 30 de abril. Inqu\u00e9rito foi aberto na Delegacia de Homic\u00eddios e est\u00e1 sobre a supervis\u00e3o dos delegados Igor Martins e Robert Lavor.<\/p>\n<p>Fonte: Cidadeverde<\/p>\n","protected":false},"excerpt":{"rendered":"<p>O secret\u00e1rio Estadual de Seguran\u00e7a Robert Rios Magalh\u00e3es confirmou oficialmente, nesta quarta-feira (15), que o corpo do gerente do Banco do Brasil de Miguel Alves, Ademyston Rodrigues, ser\u00e1 exumado. O&#8230;<\/p>\n","protected":false},"author":1,"featured_media":0,"comment_status":"open","ping_status":"open","sticky":false,"template":"","format":"standard","meta":{"ngg_post_thumbnail":0,"footnotes":""},"categories":[12],"tags":[],"class_list":["post-15767","post","type-post","status-publish","format-standard","hentry","category-valenca-news"],"views":522,"meta_data":{"thumb":"https:\/\/portalv1.com.br\/app\/wp-content\/uploads\/2012\/11\/robert-rios.jpg","data":{"simple":"15\/05\/2013","date_time":"15\/05\/2013 18:48:37","date":"h\u00e1 13 anos"},"chapeu":"Pimenteiras ","source":"m_destacada"},"_links":{"self":[{"href":"https:\/\/portalv1.com.br\/api\/wp\/v2\/posts\/15767","targetHints":{"allow":["GET"]}}],"collection":[{"href":"https:\/\/portalv1.com.br\/api\/wp\/v2\/posts"}],"about":[{"href":"https:\/\/portalv1.com.br\/api\/wp\/v2\/types\/post"}],"author":[{"embeddable":true,"href":"https:\/\/portalv1.com.br\/api\/wp\/v2\/users\/1"}],"replies":[{"embeddable":true,"href":"https:\/\/portalv1.com.br\/api\/wp\/v2\/comments?post=15767"}],"version-history":[{"count":0,"href":"https:\/\/portalv1.com.br\/api\/wp\/v2\/posts\/15767\/revisions"}],"wp:attachment":[{"href":"https:\/\/portalv1.com.br\/api\/wp\/v2\/media?parent=15767"}],"wp:term":[{"taxonomy":"category","embeddable":true,"href":"https:\/\/portalv1.com.br\/api\/wp\/v2\/categories?post=15767"},{"taxonomy":"post_tag","embeddable":true,"href":"https:\/\/portalv1.com.br\/api\/wp\/v2\/tags?post=15767"}],"curies":[{"name":"wp","href":"https:\/\/api.w.org\/{rel}","templated":true}]}}