{"id":15769,"date":"2013-05-16T09:04:57","date_gmt":"2013-05-16T12:04:57","guid":{"rendered":"https:\/\/portalv1.com.br\/?p=15769"},"modified":"2013-05-16T11:45:48","modified_gmt":"2013-05-16T14:45:48","slug":"corpo-do-gerente-do-bb-esta-sendo-exumado-em-pimenteiras","status":"publish","type":"post","link":"https:\/\/portalv1.com.br\/corpo-do-gerente-do-bb-esta-sendo-exumado-em-pimenteiras\/","title":{"rendered":"Corpo do gerente do BB est\u00e1 sendo exumado em Pimenteiras"},"content":{"rendered":"<figure id=\"attachment_15770\" aria-describedby=\"caption-attachment-15770\" style=\"width: 300px\" class=\"wp-caption alignright\"><a href=\"https:\/\/portalv1.com.br\/app\/wp-content\/uploads\/2013\/05\/GERE.jpg\"><img loading=\"lazy\" decoding=\"async\" class=\"size-medium wp-image-15770\" alt=\"Cemit\u00e9rio de Pimenteiras \" src=\"https:\/\/portalv1.com.br\/app\/wp-content\/uploads\/2013\/05\/GERE-300x225.jpg\" width=\"300\" height=\"225\" srcset=\"https:\/\/portalv1.com.br\/app\/wp-content\/uploads\/2013\/05\/GERE-300x225.jpg 300w, https:\/\/portalv1.com.br\/app\/wp-content\/uploads\/2013\/05\/GERE.jpg 640w\" sizes=\"auto, (max-width: 300px) 100vw, 300px\" \/><\/a><figcaption id=\"caption-attachment-15770\" class=\"wp-caption-text\">Cemit\u00e9rio de Pimenteiras<\/figcaption><\/figure>\n<p>Peritos do Instituto Medico Legal (IML) est\u00e3o nesse momento em Pimenteiras no cemit\u00e9rio, exumando o corpo do gerente do Banco do Brasil Ademyston Rodrigues, morto durante o assalto a agencia bancaria na cidade de Miguel Alves no ultimo dia 30 de abril. Os peritos chegaram em Pimenteiras pouco depois das 08h desta manha de quinta-feira. O cemit\u00e9rio local foi isolado e apenas os peritos e autoridades militares tem acesso ao local. Aguardem mais informa\u00e7\u00f5es.<\/p>\n","protected":false},"excerpt":{"rendered":"<p>Peritos do Instituto Medico Legal (IML) est\u00e3o nesse momento em Pimenteiras no cemit\u00e9rio, exumando o corpo do gerente do Banco do Brasil Ademyston Rodrigues, morto durante o assalto a agencia&#8230;<\/p>\n","protected":false},"author":1,"featured_media":0,"comment_status":"open","ping_status":"open","sticky":false,"template":"","format":"standard","meta":{"ngg_post_thumbnail":0,"footnotes":""},"categories":[12],"tags":[],"class_list":["post-15769","post","type-post","status-publish","format-standard","hentry","category-valenca-news"],"views":806,"meta_data":{"thumb":"https:\/\/portalv1.com.br\/app\/wp-content\/uploads\/2013\/05\/GERE.jpg","data":{"simple":"16\/05\/2013","date_time":"16\/05\/2013 06:04:57","date":"h\u00e1 13 anos"},"chapeu":"Exuma\u00e7\u00e3o ","source":"m_destacada"},"_links":{"self":[{"href":"https:\/\/portalv1.com.br\/api\/wp\/v2\/posts\/15769","targetHints":{"allow":["GET"]}}],"collection":[{"href":"https:\/\/portalv1.com.br\/api\/wp\/v2\/posts"}],"about":[{"href":"https:\/\/portalv1.com.br\/api\/wp\/v2\/types\/post"}],"author":[{"embeddable":true,"href":"https:\/\/portalv1.com.br\/api\/wp\/v2\/users\/1"}],"replies":[{"embeddable":true,"href":"https:\/\/portalv1.com.br\/api\/wp\/v2\/comments?post=15769"}],"version-history":[{"count":0,"href":"https:\/\/portalv1.com.br\/api\/wp\/v2\/posts\/15769\/revisions"}],"wp:attachment":[{"href":"https:\/\/portalv1.com.br\/api\/wp\/v2\/media?parent=15769"}],"wp:term":[{"taxonomy":"category","embeddable":true,"href":"https:\/\/portalv1.com.br\/api\/wp\/v2\/categories?post=15769"},{"taxonomy":"post_tag","embeddable":true,"href":"https:\/\/portalv1.com.br\/api\/wp\/v2\/tags?post=15769"}],"curies":[{"name":"wp","href":"https:\/\/api.w.org\/{rel}","templated":true}]}}