{"id":157746,"date":"2023-11-01T07:53:03","date_gmt":"2023-11-01T10:53:03","guid":{"rendered":"https:\/\/portalv1.com.br\/?p=157746"},"modified":"2023-10-31T22:04:30","modified_gmt":"2023-11-01T01:04:30","slug":"secretaria-de-saude-de-valenca-anuncia-implantacao-do-programa-telenodeste-com-14-especialidades","status":"publish","type":"post","link":"https:\/\/portalv1.com.br\/secretaria-de-saude-de-valenca-anuncia-implantacao-do-programa-telenodeste-com-14-especialidades\/","title":{"rendered":"Secret\u00e1ria de Sa\u00fade de Valen\u00e7a anuncia implanta\u00e7\u00e3o do programa TeleNodeste com 14 especialidades"},"content":{"rendered":"<p>A secret\u00e1ria de Sa\u00fade do munic\u00edpio de Valen\u00e7a do Piau\u00ed, Ilana Caetano, anunciou nesta ter\u00e7a-feira (31), atrav\u00e9s das redes sociais da Prefeitura Municipal, a implanta\u00e7\u00e3o do programa TeleNodeste no munic\u00edpio.<\/p>\n<p>&#8220;Hoje eu trago uma boa not\u00edcia para voc\u00eas, o TeleNodeste, um programa que vai ampliar a nossa aten\u00e7\u00e3o b\u00e1sica no que diz respeito \u00e0s especialidades. Dentro do nosso munic\u00edpio j\u00e1 temos algumas, mas esse vem gerar uma imensa, assim, necessidade da popula\u00e7\u00e3o, pois estamos trazendo 14 a mais atrav\u00e9s do TeleNodeste&#8221;, anunciou a secret\u00e1ria.<\/p>\n<p>Ilana Caetano d\u00e1 mais detalhes sobre o programa que j\u00e1 tem data para come\u00e7ar a funcionar. &#8220;J\u00e1 est\u00e1 ativo no nosso munic\u00edpio o programa, iniciando na pr\u00f3xima semana. O TeleNodeste acontece de forma online no pr\u00f3prio postinho de voc\u00eas. Voc\u00eas s\u00f3 precisaram pegar um encaminhamento do m\u00e9dico, saindo do m\u00e9dico j\u00e1 vai direto para o enfermeiro ou respons\u00e1vel pela marca\u00e7\u00e3o da sua consulta e na data certa voc\u00ea volta para o atendimento de acordo com o agendamento do pr\u00f3prio Minist\u00e9rio da Sa\u00fade&#8221;, explicou.<\/p>\n<p>A secret\u00e1ria conta que a ades\u00e3o ao TeleNodeste vai facilitar o acesso a v\u00e1rias especialidades e tamb\u00e9m evitar que o paciente precise se deslocar para outras cidades.<\/p>\n<p>&#8220;\u00c9 um programa que veio para beneficiar a popula\u00e7\u00e3o das cidades pequenas que n\u00e3o tem grande n\u00famero de especialistas e todos os dias se deslocar daqui para Teresina ou mais pr\u00f3ximo Picos, ent\u00e3o n\u00f3s estamos trazendo para voc\u00eas essa grande novidade, esse grande servi\u00e7o&#8221;, disse Ilana Caetano.<\/p>\n<p>As especialidades oferecidas pelo programa \u201cTeleNordeste\u201d s\u00e3o: Cardiologia; Cuidados Paliativos; Infectologia (adulto\/pedi\u00e1trico); Nutri\u00e7\u00e3o; Dermatologia; Neurologia (adulto\/pedi\u00e1trico); Endocrinologia; Ginecologia e Obstetr\u00edcia; Geriatria; Hematologia; Pediatria; Pneumologia (adulto\/pedri\u00e1trico); Psiquiatria (adulto\/pedi\u00e1trico at\u00e9 13 anos); Reumatologia.<\/p>\n<blockquote class=\"instagram-media\" style=\"background: #FFF; border: 0; border-radius: 3px; box-shadow: 0 0 1px 0 rgba(0,0,0,0.5),0 1px 10px 0 rgba(0,0,0,0.15); margin: 1px; max-width: 540px; min-width: 326px; padding: 0; width: calc(100% - 2px);\" data-instgrm-captioned=\"\" data-instgrm-permalink=\"https:\/\/www.instagram.com\/reel\/CzEf092JCBq\/?utm_source=ig_embed&amp;utm_campaign=loading\" data-instgrm-version=\"14\">\n<div style=\"padding: 16px;\">\n<p>&nbsp;<\/p>\n<div style=\"display: flex; flex-direction: row; align-items: center;\">\n<div style=\"background-color: #f4f4f4; border-radius: 50%; flex-grow: 0; height: 40px; margin-right: 14px; width: 40px;\">&nbsp;<\/div>\n<div style=\"display: flex; flex-direction: column; flex-grow: 1; justify-content: center;\">\n<div style=\"background-color: #f4f4f4; border-radius: 4px; flex-grow: 0; height: 14px; margin-bottom: 6px; width: 100px;\">&nbsp;<\/div>\n<div style=\"background-color: #f4f4f4; border-radius: 4px; flex-grow: 0; height: 14px; width: 60px;\">&nbsp;<\/div>\n<\/div>\n<\/div>\n<div style=\"padding: 19% 0;\">&nbsp;<\/div>\n<div style=\"display: block; height: 50px; margin: 0 auto 12px; width: 50px;\">&nbsp;<\/div>\n<div style=\"padding-top: 8px;\">\n<div style=\"color: #3897f0; font-family: Arial,sans-serif; font-size: 14px; font-style: normal; font-weight: 550; line-height: 18px;\">Ver essa foto no Instagram<\/div>\n<\/div>\n<div style=\"padding: 12.5% 0;\">&nbsp;<\/div>\n<div style=\"display: flex; flex-direction: row; margin-bottom: 14px; align-items: center;\">\n<div>\n<div style=\"background-color: #f4f4f4; border-radius: 50%; height: 12.5px; width: 12.5px; transform: translateX(0px) translateY(7px);\">&nbsp;<\/div>\n<div style=\"background-color: #f4f4f4; height: 12.5px; transform: rotate(-45deg) translateX(3px) translateY(1px); width: 12.5px; flex-grow: 0; margin-right: 14px; margin-left: 2px;\">&nbsp;<\/div>\n<div style=\"background-color: #f4f4f4; border-radius: 50%; height: 12.5px; width: 12.5px; transform: translateX(9px) translateY(-18px);\">&nbsp;<\/div>\n<\/div>\n<div style=\"margin-left: 8px;\">\n<div style=\"background-color: #f4f4f4; border-radius: 50%; flex-grow: 0; height: 20px; width: 20px;\">&nbsp;<\/div>\n<div style=\"width: 0; height: 0; border-top: 2px solid transparent; border-left: 6px solid #f4f4f4; border-bottom: 2px solid transparent; transform: translateX(16px) translateY(-4px) rotate(30deg);\">&nbsp;<\/div>\n<\/div>\n<div style=\"margin-left: auto;\">\n<div style=\"width: 0px; border-top: 8px solid #F4F4F4; border-right: 8px solid transparent; transform: translateY(16px);\">&nbsp;<\/div>\n<div style=\"background-color: #f4f4f4; flex-grow: 0; height: 12px; width: 16px; transform: translateY(-4px);\">&nbsp;<\/div>\n<div style=\"width: 0; height: 0; border-top: 8px solid #F4F4F4; border-left: 8px solid transparent; transform: translateY(-4px) translateX(8px);\">&nbsp;<\/div>\n<\/div>\n<\/div>\n<div style=\"display: flex; flex-direction: column; flex-grow: 1; justify-content: center; margin-bottom: 24px;\">\n<div style=\"background-color: #f4f4f4; border-radius: 4px; flex-grow: 0; height: 14px; margin-bottom: 6px; width: 224px;\">&nbsp;<\/div>\n<div style=\"background-color: #f4f4f4; border-radius: 4px; flex-grow: 0; height: 14px; width: 144px;\">&nbsp;<\/div>\n<\/div>\n<p>&nbsp;<\/p>\n<p style=\"color: #c9c8cd; font-family: Arial,sans-serif; font-size: 14px; line-height: 17px; margin-bottom: 0; margin-top: 8px; overflow: hidden; padding: 8px 0 7px; text-align: center; text-overflow: ellipsis; white-space: nowrap;\"><a style=\"color: #c9c8cd; font-family: Arial,sans-serif; font-size: 14px; font-style: normal; font-weight: normal; line-height: 17px; text-decoration: none;\" href=\"https:\/\/www.instagram.com\/reel\/CzEf092JCBq\/?utm_source=ig_embed&amp;utm_campaign=loading\" target=\"_blank\" rel=\"noopener\">Uma publica\u00e7\u00e3o compartilhada por Ilana Caetano (@ilanacaetano_)<\/a><\/p>\n<\/div>\n<\/blockquote>\n<p><script async=\"\" src=\"\/\/www.instagram.com\/embed.js\"><\/script>&nbsp;<\/p>\n<p>&nbsp;<\/p>\n","protected":false},"excerpt":{"rendered":"<p>A secret\u00e1ria de Sa\u00fade do munic\u00edpio de Valen\u00e7a do Piau\u00ed, Ilana Caetano, anunciou nesta ter\u00e7a-feira (31), atrav\u00e9s das redes sociais da Prefeitura Municipal, a implanta\u00e7\u00e3o do programa TeleNodeste no munic\u00edpio&#8230;.<\/p>\n","protected":false},"author":1,"featured_media":157747,"comment_status":"open","ping_status":"open","sticky":false,"template":"","format":"standard","meta":{"ngg_post_thumbnail":0,"footnotes":""},"categories":[243],"tags":[],"class_list":["post-157746","post","type-post","status-publish","format-standard","has-post-thumbnail","hentry","category-geral"],"views":421,"meta_data":{"thumb":"https:\/\/portalv1.com.br\/app\/wp-content\/uploads\/2023\/10\/IMG_8066-Copy.jpg","imagem":{"fullsize":{"url":"https:\/\/portalv1.com.br\/app\/wp-content\/uploads\/2023\/10\/IMG_8066-Copy.jpg","width":1920,"height":1080},"medium":{"url":"https:\/\/portalv1.com.br\/app\/wp-content\/uploads\/2023\/10\/IMG_8066-Copy-300x169.jpg","width":300,"height":169},"large":{"url":"https:\/\/portalv1.com.br\/app\/wp-content\/uploads\/2023\/10\/IMG_8066-Copy-640x360.jpg","width":640,"height":360},"thumbnail":{"url":"https:\/\/portalv1.com.br\/app\/wp-content\/uploads\/2023\/10\/IMG_8066-Copy-100x100.jpg","width":100,"height":100},"medium_large":{"url":"https:\/\/portalv1.com.br\/app\/wp-content\/uploads\/2023\/10\/IMG_8066-Copy-768x432.jpg","width":768,"height":432},"1536x1536":{"url":"https:\/\/portalv1.com.br\/app\/wp-content\/uploads\/2023\/10\/IMG_8066-Copy-1536x864.jpg","width":1536,"height":864}},"data":{"simple":"01\/11\/2023","date_time":"01\/11\/2023 04:53:03","date":"h\u00e1 2 anos"},"chapeu":"Saiba detalhes ","source":"slide"},"_links":{"self":[{"href":"https:\/\/portalv1.com.br\/api\/wp\/v2\/posts\/157746","targetHints":{"allow":["GET"]}}],"collection":[{"href":"https:\/\/portalv1.com.br\/api\/wp\/v2\/posts"}],"about":[{"href":"https:\/\/portalv1.com.br\/api\/wp\/v2\/types\/post"}],"author":[{"embeddable":true,"href":"https:\/\/portalv1.com.br\/api\/wp\/v2\/users\/1"}],"replies":[{"embeddable":true,"href":"https:\/\/portalv1.com.br\/api\/wp\/v2\/comments?post=157746"}],"version-history":[{"count":0,"href":"https:\/\/portalv1.com.br\/api\/wp\/v2\/posts\/157746\/revisions"}],"wp:featuredmedia":[{"embeddable":true,"href":"https:\/\/portalv1.com.br\/api\/wp\/v2\/media\/157747"}],"wp:attachment":[{"href":"https:\/\/portalv1.com.br\/api\/wp\/v2\/media?parent=157746"}],"wp:term":[{"taxonomy":"category","embeddable":true,"href":"https:\/\/portalv1.com.br\/api\/wp\/v2\/categories?post=157746"},{"taxonomy":"post_tag","embeddable":true,"href":"https:\/\/portalv1.com.br\/api\/wp\/v2\/tags?post=157746"}],"curies":[{"name":"wp","href":"https:\/\/api.w.org\/{rel}","templated":true}]}}