{"id":157934,"date":"2023-11-03T13:27:27","date_gmt":"2023-11-03T16:27:27","guid":{"rendered":"https:\/\/portalv1.com.br\/?p=157934"},"modified":"2023-11-03T13:30:07","modified_gmt":"2023-11-03T16:30:07","slug":"oficina-do-projeto-campeoes-de-leitura-sera-neste-sabado-em-francinopolis","status":"publish","type":"post","link":"https:\/\/portalv1.com.br\/oficina-do-projeto-campeoes-de-leitura-sera-neste-sabado-em-francinopolis\/","title":{"rendered":"Oficina do Projeto Campe\u00f5es de Leitura ser\u00e1 neste s\u00e1bado em Francin\u00f3polis"},"content":{"rendered":"<p>A Prefeitura de Francin\u00f3polis, atrav\u00e9s da Secretaria Municipal de Educa\u00e7\u00e3o realiza nesse s\u00e1bado, dia 4 de novembro, a Oficina Municipal do Projeto Campe\u00f5es de Leitura. O evento ser\u00e1 realizado das 08h \u00e0s 12h30 na Unidade Escolar Teresa Feitosa e tem como publico alvo os gestores escolares do ensino fundamental das unidades Ant\u00f4nio Xavier e Teresa Feitosa, al\u00e9m dos alunos classificados para a 4\u00aa Edi\u00e7\u00e3o da Etapa Municipal do Projeto Campe\u00f5es de Leitura e fam\u00edlias. O tema desse ano ser\u00e1: \u201cCultura afro-brasileira e diversidade \u00e9tnico-racial.<a href=\"https:\/\/portalv1.com.br\/app\/wp-content\/uploads\/2023\/11\/fe185b89-c4b4-4798-950a-c8cc88e62c96.jpg\"><img loading=\"lazy\" decoding=\"async\" class=\"aligncenter size-large wp-image-157935\" src=\"https:\/\/portalv1.com.br\/app\/wp-content\/uploads\/2023\/11\/fe185b89-c4b4-4798-950a-c8cc88e62c96-640x800.jpg\" alt=\"\" width=\"600\" height=\"750\" srcset=\"https:\/\/portalv1.com.br\/app\/wp-content\/uploads\/2023\/11\/fe185b89-c4b4-4798-950a-c8cc88e62c96-640x800.jpg 640w, https:\/\/portalv1.com.br\/app\/wp-content\/uploads\/2023\/11\/fe185b89-c4b4-4798-950a-c8cc88e62c96-300x375.jpg 300w, https:\/\/portalv1.com.br\/app\/wp-content\/uploads\/2023\/11\/fe185b89-c4b4-4798-950a-c8cc88e62c96-768x960.jpg 768w, https:\/\/portalv1.com.br\/app\/wp-content\/uploads\/2023\/11\/fe185b89-c4b4-4798-950a-c8cc88e62c96-1229x1536.jpg 1229w, https:\/\/portalv1.com.br\/app\/wp-content\/uploads\/2023\/11\/fe185b89-c4b4-4798-950a-c8cc88e62c96.jpg 1280w\" sizes=\"auto, (max-width: 600px) 100vw, 600px\" \/><\/a> &nbsp;&nbsp;<\/p>\n","protected":false},"excerpt":{"rendered":"<p>A Prefeitura de Francin\u00f3polis, atrav\u00e9s da Secretaria Municipal de Educa\u00e7\u00e3o realiza nesse s\u00e1bado, dia 4 de novembro, a Oficina Municipal do Projeto Campe\u00f5es de Leitura. O evento ser\u00e1 realizado das&#8230;<\/p>\n","protected":false},"author":1,"featured_media":157935,"comment_status":"open","ping_status":"open","sticky":false,"template":"","format":"standard","meta":{"ngg_post_thumbnail":0,"footnotes":""},"categories":[243],"tags":[],"class_list":["post-157934","post","type-post","status-publish","format-standard","has-post-thumbnail","hentry","category-geral"],"views":241,"meta_data":{"thumb":"https:\/\/portalv1.com.br\/app\/wp-content\/uploads\/2023\/11\/fe185b89-c4b4-4798-950a-c8cc88e62c96.jpg","imagem":{"fullsize":{"url":"https:\/\/portalv1.com.br\/app\/wp-content\/uploads\/2023\/11\/fe185b89-c4b4-4798-950a-c8cc88e62c96.jpg","width":1280,"height":1600},"medium":{"url":"https:\/\/portalv1.com.br\/app\/wp-content\/uploads\/2023\/11\/fe185b89-c4b4-4798-950a-c8cc88e62c96-300x375.jpg","width":300,"height":375},"large":{"url":"https:\/\/portalv1.com.br\/app\/wp-content\/uploads\/2023\/11\/fe185b89-c4b4-4798-950a-c8cc88e62c96-640x800.jpg","width":640,"height":800},"thumbnail":{"url":"https:\/\/portalv1.com.br\/app\/wp-content\/uploads\/2023\/11\/fe185b89-c4b4-4798-950a-c8cc88e62c96-100x100.jpg","width":100,"height":100},"medium_large":{"url":"https:\/\/portalv1.com.br\/app\/wp-content\/uploads\/2023\/11\/fe185b89-c4b4-4798-950a-c8cc88e62c96-768x960.jpg","width":768,"height":960},"1536x1536":{"url":"https:\/\/portalv1.com.br\/app\/wp-content\/uploads\/2023\/11\/fe185b89-c4b4-4798-950a-c8cc88e62c96-1229x1536.jpg","width":1229,"height":1536}},"data":{"simple":"03\/11\/2023","date_time":"03\/11\/2023 10:27:27","date":"h\u00e1 2 anos"},"chapeu":"Saiba Detalhes ","source":"m_destacada"},"_links":{"self":[{"href":"https:\/\/portalv1.com.br\/api\/wp\/v2\/posts\/157934","targetHints":{"allow":["GET"]}}],"collection":[{"href":"https:\/\/portalv1.com.br\/api\/wp\/v2\/posts"}],"about":[{"href":"https:\/\/portalv1.com.br\/api\/wp\/v2\/types\/post"}],"author":[{"embeddable":true,"href":"https:\/\/portalv1.com.br\/api\/wp\/v2\/users\/1"}],"replies":[{"embeddable":true,"href":"https:\/\/portalv1.com.br\/api\/wp\/v2\/comments?post=157934"}],"version-history":[{"count":0,"href":"https:\/\/portalv1.com.br\/api\/wp\/v2\/posts\/157934\/revisions"}],"wp:featuredmedia":[{"embeddable":true,"href":"https:\/\/portalv1.com.br\/api\/wp\/v2\/media\/157935"}],"wp:attachment":[{"href":"https:\/\/portalv1.com.br\/api\/wp\/v2\/media?parent=157934"}],"wp:term":[{"taxonomy":"category","embeddable":true,"href":"https:\/\/portalv1.com.br\/api\/wp\/v2\/categories?post=157934"},{"taxonomy":"post_tag","embeddable":true,"href":"https:\/\/portalv1.com.br\/api\/wp\/v2\/tags?post=157934"}],"curies":[{"name":"wp","href":"https:\/\/api.w.org\/{rel}","templated":true}]}}