{"id":15815,"date":"2013-05-21T10:38:07","date_gmt":"2013-05-21T13:38:07","guid":{"rendered":"https:\/\/portalv1.com.br\/?p=15815"},"modified":"2013-05-22T17:32:14","modified_gmt":"2013-05-22T20:32:14","slug":"psicologa-vai-camara-e-pede-projeto-para-criancas-e-adolescentes","status":"publish","type":"post","link":"https:\/\/portalv1.com.br\/psicologa-vai-camara-e-pede-projeto-para-criancas-e-adolescentes\/","title":{"rendered":"Psic\u00f3loga vai c\u00e2mara e pede projeto para crian\u00e7as e adolescentes"},"content":{"rendered":"<figure id=\"attachment_15816\" aria-describedby=\"caption-attachment-15816\" style=\"width: 300px\" class=\"wp-caption alignright\"><a href=\"https:\/\/portalv1.com.br\/app\/wp-content\/uploads\/2013\/05\/ana-paula.jpg\"><img loading=\"lazy\" decoding=\"async\" class=\"size-full wp-image-15816\" alt=\"psic\u00f3loga Ana Paula \" src=\"https:\/\/portalv1.com.br\/app\/wp-content\/uploads\/2013\/05\/ana-paula.jpg\" width=\"300\" height=\"225\" \/><\/a><figcaption id=\"caption-attachment-15816\" class=\"wp-caption-text\">psic\u00f3loga Ana Paula<\/figcaption><\/figure>\n<p>Cinco vereadores (Wilton Nunes, Joaquim Filho, Edilsa do Vale, Benoni e Jos\u00e9 Itamar) faltaram \u00e0 sess\u00e3o desta segunda-feira (20), apesar de das aus\u00eancias prejudicarem a vota\u00e7\u00e3o, a sess\u00e3o foi iniciada pela mesa diretora para abrir espa\u00e7o para a psic\u00f3loga da Secretaria Municipal de Assist\u00eancia Social, Ana Paula que falou das atividades desenvolvidas pelo munic\u00edpio na semana dedicada ao combate \u00e0 explora\u00e7\u00e3o sexual das crian\u00e7as e adolescentes.<\/p>\n<p>Ana Paula pediu aos vereadores que elaborem projetos voltados aos jovens valencianos, tendo em vista a grande ociosidade dos mesmos. De acordo com a psic\u00f3loga nos \u00faltimos 12 meses foram registrados 19 casos de abusos sexuais em Valen\u00e7a, sendo que destes casos apenas 2 est\u00e3o presos.<\/p>\n<p>Reconheceu a timidez da prefeitura municipal em implementar pol\u00edticas publicas de combate n\u00e3o s\u00f3 contra os abusos a crian\u00e7as e adolescente mais em outras \u00e1reas \u201cValen\u00e7a est\u00e1 em estado de alerta\u201d disse. A sess\u00e3o teve ainda a participa\u00e7\u00e3o do controlador do munic\u00edpio Evandro Nogueira que convidou os vereadores para a Confer\u00eancia das Cidades que ser\u00e1 realizada em Valen\u00e7a nesse final de semana. A presidenta Ielva Mel\u00e3o disse que a c\u00e2mara municipal vem fazendo sua parte, mas \u00e9 preciso que o Executivo n\u00e3o engavete os projetos ap\u00f3s suas aprova\u00e7\u00f5es.<\/p>\n","protected":false},"excerpt":{"rendered":"<p>Cinco vereadores (Wilton Nunes, Joaquim Filho, Edilsa do Vale, Benoni e Jos\u00e9 Itamar) faltaram \u00e0 sess\u00e3o desta segunda-feira (20), apesar de das aus\u00eancias prejudicarem a vota\u00e7\u00e3o, a sess\u00e3o foi iniciada&#8230;<\/p>\n","protected":false},"author":1,"featured_media":0,"comment_status":"open","ping_status":"open","sticky":false,"template":"","format":"standard","meta":{"ngg_post_thumbnail":0,"footnotes":""},"categories":[12],"tags":[],"class_list":["post-15815","post","type-post","status-publish","format-standard","hentry","category-valenca-news"],"views":461,"meta_data":{"thumb":"https:\/\/portalv1.com.br\/app\/wp-content\/uploads\/2013\/05\/ana-paula.jpg","data":{"simple":"21\/05\/2013","date_time":"21\/05\/2013 07:38:07","date":"h\u00e1 13 anos"},"chapeu":"Pol\u00edticas publicas ","source":"foto_menor"},"_links":{"self":[{"href":"https:\/\/portalv1.com.br\/api\/wp\/v2\/posts\/15815","targetHints":{"allow":["GET"]}}],"collection":[{"href":"https:\/\/portalv1.com.br\/api\/wp\/v2\/posts"}],"about":[{"href":"https:\/\/portalv1.com.br\/api\/wp\/v2\/types\/post"}],"author":[{"embeddable":true,"href":"https:\/\/portalv1.com.br\/api\/wp\/v2\/users\/1"}],"replies":[{"embeddable":true,"href":"https:\/\/portalv1.com.br\/api\/wp\/v2\/comments?post=15815"}],"version-history":[{"count":0,"href":"https:\/\/portalv1.com.br\/api\/wp\/v2\/posts\/15815\/revisions"}],"wp:attachment":[{"href":"https:\/\/portalv1.com.br\/api\/wp\/v2\/media?parent=15815"}],"wp:term":[{"taxonomy":"category","embeddable":true,"href":"https:\/\/portalv1.com.br\/api\/wp\/v2\/categories?post=15815"},{"taxonomy":"post_tag","embeddable":true,"href":"https:\/\/portalv1.com.br\/api\/wp\/v2\/tags?post=15815"}],"curies":[{"name":"wp","href":"https:\/\/api.w.org\/{rel}","templated":true}]}}