{"id":158689,"date":"2023-11-13T10:39:53","date_gmt":"2023-11-13T13:39:53","guid":{"rendered":"https:\/\/portalv1.com.br\/?p=158689"},"modified":"2023-11-15T12:42:15","modified_gmt":"2023-11-15T15:42:15","slug":"prefeitura-de-novo-oriente-divulga-programacao-completa-dos-62-anos-da-cidade","status":"publish","type":"post","link":"https:\/\/portalv1.com.br\/prefeitura-de-novo-oriente-divulga-programacao-completa-dos-62-anos-da-cidade\/","title":{"rendered":"Prefeitura de Novo Oriente divulga programa\u00e7\u00e3o completa dos 62 anos da cidade"},"content":{"rendered":"<figure id=\"attachment_158690\" aria-describedby=\"caption-attachment-158690\" style=\"width: 600px\" class=\"wp-caption aligncenter\"><a href=\"https:\/\/portalv1.com.br\/app\/wp-content\/uploads\/2023\/11\/sr_MG_9038.jpg\"><img loading=\"lazy\" decoding=\"async\" class=\"wp-image-158690 size-large\" src=\"https:\/\/portalv1.com.br\/app\/wp-content\/uploads\/2023\/11\/sr_MG_9038-640x359.jpg\" alt=\"\" width=\"600\" height=\"337\" srcset=\"https:\/\/portalv1.com.br\/app\/wp-content\/uploads\/2023\/11\/sr_MG_9038-640x359.jpg 640w, https:\/\/portalv1.com.br\/app\/wp-content\/uploads\/2023\/11\/sr_MG_9038-300x168.jpg 300w, https:\/\/portalv1.com.br\/app\/wp-content\/uploads\/2023\/11\/sr_MG_9038-768x431.jpg 768w, https:\/\/portalv1.com.br\/app\/wp-content\/uploads\/2023\/11\/sr_MG_9038.jpg 1024w\" sizes=\"auto, (max-width: 600px) 100vw, 600px\" \/><\/a><figcaption id=\"caption-attachment-158690\" class=\"wp-caption-text\">Prefeito Afonso Sobreira<\/figcaption><\/figure>\n<p>A Prefeitura de Novo Oriente divulgou a programa\u00e7\u00e3o completa das atividades alusivas ao anivers\u00e1rio de 62 anos de emancipa\u00e7\u00e3o pol\u00edtica do munic\u00edpio, que come\u00e7a nessa ter\u00e7a-feira (14), v\u00e9spera do feriado da Proclama\u00e7\u00e3o da Rep\u00fablica.<\/p>\n<p>A programa\u00e7\u00e3o come\u00e7a logo cedo \u00e0s 05h30 da manh\u00e3 corridas de ciclismo e pedestre, seguida de caf\u00e9 da manh\u00e3 e Capoterapia no portal da cidade.<\/p>\n<p>\u00c0s 17h30, o prefeito Afonso Sobreira realiza a entrega da pista de caminhada a popula\u00e7\u00e3o e a partir das 21h come\u00e7a a parte festiva dos 62 anos do munic\u00edpio com shows na Pra\u00e7a do Mercado com bandas locais e shows com Gleyce Mendes, Gleyson Sanfoneiro e Cristian Ribeiro.<\/p>\n<p>Na quarta-feira (15) acontecer\u00e1 Missa em A\u00e7\u00e3o de Gra\u00e7a, na igreja Matriz de S\u00e3o Vicente de Paulo a partir das 18h. Na quinta-feira (16) haver\u00e1 Culto em A\u00e7\u00e3o de Gra\u00e7as a partir das 19h na sede da Igreja Assembleia de Deus Miss\u00e3o.<\/p>\n<p>&nbsp;<\/p>\n<p>&nbsp;<\/p>\n<p>&nbsp;<\/p>\n","protected":false},"excerpt":{"rendered":"<p>A Prefeitura de Novo Oriente divulgou a programa\u00e7\u00e3o completa das atividades alusivas ao anivers\u00e1rio de 62 anos de emancipa\u00e7\u00e3o pol\u00edtica do munic\u00edpio, que come\u00e7a nessa ter\u00e7a-feira (14), v\u00e9spera do feriado&#8230;<\/p>\n","protected":false},"author":1,"featured_media":158690,"comment_status":"open","ping_status":"open","sticky":false,"template":"","format":"standard","meta":{"ngg_post_thumbnail":0,"footnotes":""},"categories":[243],"tags":[],"class_list":["post-158689","post","type-post","status-publish","format-standard","has-post-thumbnail","hentry","category-geral"],"views":516,"meta_data":{"thumb":"https:\/\/portalv1.com.br\/app\/wp-content\/uploads\/2023\/11\/sr_MG_9038.jpg","imagem":{"fullsize":{"url":"https:\/\/portalv1.com.br\/app\/wp-content\/uploads\/2023\/11\/sr_MG_9038.jpg","width":1024,"height":575},"medium":{"url":"https:\/\/portalv1.com.br\/app\/wp-content\/uploads\/2023\/11\/sr_MG_9038-300x168.jpg","width":300,"height":168},"large":{"url":"https:\/\/portalv1.com.br\/app\/wp-content\/uploads\/2023\/11\/sr_MG_9038-640x359.jpg","width":640,"height":359},"thumbnail":{"url":"https:\/\/portalv1.com.br\/app\/wp-content\/uploads\/2023\/11\/sr_MG_9038-100x100.jpg","width":100,"height":100},"medium_large":{"url":"https:\/\/portalv1.com.br\/app\/wp-content\/uploads\/2023\/11\/sr_MG_9038-768x431.jpg","width":768,"height":431}},"data":{"simple":"13\/11\/2023","date_time":"13\/11\/2023 07:39:53","date":"h\u00e1 2 anos"},"chapeu":"Nesta ter\u00e7a-feira ","source":"slide"},"_links":{"self":[{"href":"https:\/\/portalv1.com.br\/api\/wp\/v2\/posts\/158689","targetHints":{"allow":["GET"]}}],"collection":[{"href":"https:\/\/portalv1.com.br\/api\/wp\/v2\/posts"}],"about":[{"href":"https:\/\/portalv1.com.br\/api\/wp\/v2\/types\/post"}],"author":[{"embeddable":true,"href":"https:\/\/portalv1.com.br\/api\/wp\/v2\/users\/1"}],"replies":[{"embeddable":true,"href":"https:\/\/portalv1.com.br\/api\/wp\/v2\/comments?post=158689"}],"version-history":[{"count":0,"href":"https:\/\/portalv1.com.br\/api\/wp\/v2\/posts\/158689\/revisions"}],"wp:featuredmedia":[{"embeddable":true,"href":"https:\/\/portalv1.com.br\/api\/wp\/v2\/media\/158690"}],"wp:attachment":[{"href":"https:\/\/portalv1.com.br\/api\/wp\/v2\/media?parent=158689"}],"wp:term":[{"taxonomy":"category","embeddable":true,"href":"https:\/\/portalv1.com.br\/api\/wp\/v2\/categories?post=158689"},{"taxonomy":"post_tag","embeddable":true,"href":"https:\/\/portalv1.com.br\/api\/wp\/v2\/tags?post=158689"}],"curies":[{"name":"wp","href":"https:\/\/api.w.org\/{rel}","templated":true}]}}