{"id":158715,"date":"2023-11-13T21:24:07","date_gmt":"2023-11-14T00:24:07","guid":{"rendered":"https:\/\/portalv1.com.br\/?p=158715"},"modified":"2023-11-13T21:24:21","modified_gmt":"2023-11-14T00:24:21","slug":"inmet-emite-alerta-para-onda-de-calor-em-valenca-e-para-outros-municipios","status":"publish","type":"post","link":"https:\/\/portalv1.com.br\/inmet-emite-alerta-para-onda-de-calor-em-valenca-e-para-outros-municipios\/","title":{"rendered":"Inmet emite alerta para onda de calor em Valen\u00e7a e outros munic\u00edpios"},"content":{"rendered":"<p>O pa\u00eds enfrenta mais uma onda de calor, e o Piau\u00ed n\u00e3o est\u00e1 de fora. O Instituto Nacional de Meteorologia emitiu nesta segunda-feira (13) um alerta de onda de calor para 30 munic\u00edpios, e que deve seguir at\u00e9 o dia 17 de novembro.&nbsp; De acordo com o Inmet, 30 munic\u00edpios do&nbsp;Piau\u00ed enfrentam temperaturas 5 \u00baC acima da m\u00e9dia. Al\u00e9m disso, a maior parte do estado enfrenta baixa umidade relativa do ar que pode chegar a 12% em algumas cidades.<\/p>\n<p><strong>Veja os munic\u00edpios afetados:<\/strong><\/p>\n<p>Alvorada do Gurgu\u00e9ia<\/p>\n<p>Avelino Lopes<\/p>\n<p>Baixa Grande do Ribeiro<\/p>\n<p>Barreiras do Piau\u00ed<\/p>\n<p>Bom Jesus<\/p>\n<p>Canto do Buriti<\/p>\n<p>Caracol<\/p>\n<p>Corrente<\/p>\n<p>Cristal\u00e2ndia do Piau\u00ed<\/p>\n<p>Cristino Castro<\/p>\n<p>Curimat\u00e1<\/p>\n<p>Currais<\/p>\n<p>Gilbu\u00e9s<\/p>\n<p>Guaribas<\/p>\n<p>J\u00falio Borges<\/p>\n<p>Jurema<\/p>\n<p>Manoel Em\u00eddio<\/p>\n<p>Monte Alegre do Piau\u00ed<\/p>\n<p>Morro Cabe\u00e7a no Tempo<\/p>\n<p>Palmeira do Piau\u00ed<\/p>\n<p>Parnagu\u00e1<\/p>\n<p>Reden\u00e7\u00e3o do Gurgu\u00e9ia<\/p>\n<p>Riacho Frio<\/p>\n<p>Ribeiro Gon\u00e7alves<\/p>\n<p>Santa Filomena<\/p>\n<p>Santa Luz<\/p>\n<p>S\u00e3o Gon\u00e7alo do Gurgu\u00e9ia<\/p>\n<p>Sebasti\u00e3o Barros<\/p>\n<p>Sebasti\u00e3o Leal<\/p>\n<p>Uru\u00e7u\u00ed<\/p>\n<p>Mais de 40 \u00baC<\/p>\n<p>Segundo a Secretaria de Meio Ambiente e Recursos H\u00eddricos do Estado do Piau\u00ed (Semarh), at\u00e9 o dia 16 de novembro os sistemas que atuam e influenciam as temperaturas, umidade e precipita\u00e7\u00f5es no estado ser\u00e3o alterados e se refletir\u00e1 em temperaturas acima da m\u00e9dia esperada para novembro, podendo apresentar m\u00e1ximas de por volta dos 40 \u00baC, ou at\u00e9 acima desse valor, e umidade relativa do ar abaixo dos 20% em alguns munic\u00edpios.<\/p>\n<p>Devem ser afetados principalmente as cidades de Teresina, Itaueira, Canto do Buriti, Simpl\u00edcio Mendes, Floriano, Oeiras, Picos, <strong>Valen\u00e7a do Piau\u00ed<\/strong>, Regenera\u00e7\u00e3o, Elesb\u00e3o Veloso, Beneditinos, Monsenhor Gil, Castelo do Piau\u00ed, Demerval Lob\u00e3o, Alto Long\u00e1, Jos\u00e9 de Freitas, Campo Maior, Piripiri e outros que ficam pr\u00f3ximos destes.<\/p>\n<p>O climatologista Werton Costa afirmou que al\u00e9m de altas temperaturas \u00e9 preciso ter cuidado com a baixa umidade.<\/p>\n<p>\u201c\u00c9 muito importante compreender que uma onda de calor, ela subentende que a gente tem uma eleva\u00e7\u00e3o muito s\u00fabita de temperatura m\u00e1xima. Ela pressup\u00f5e que a gente tem um acr\u00e9scimo imenso em quantidade de graus, mudando completamente a nossa realidade t\u00e9rmica. Infelizmente o nosso maior problema hoje n\u00e3o \u00e9 a quantidade de graus que cresce, mas \u00e9 a combina\u00e7\u00e3o da eleva\u00e7\u00e3o da temperatura com a baixa umidade relativa do ar. Essa combina\u00e7\u00e3o \u00e9 que faz com que a sensa\u00e7\u00e3o t\u00e9rmica se torne mais desagrad\u00e1vel para o nosso organismo\u201d, afirmou o climatologista.<\/p>\n<p><strong>Veja os cuidados para evitar problemas durante esse per\u00edodo:<\/strong><\/p>\n<p>Evitar o contato direto com o sol entre as 11 e 16 horas objetivando evitar insola\u00e7\u00e3o;<\/p>\n<p>Evitar atividades f\u00edsicas com contato direto com o sol entre 11 e 16 horas;<\/p>\n<p>Utilizar roupas de cor clara, leves e confort\u00e1veis;<\/p>\n<p>Evitar consumo de bebidas diur\u00e9ticas (ch\u00e1s quentes, caf\u00e9, bebidas alco\u00f3licas);<\/p>\n<p>Cuidar da hidrata\u00e7\u00e3o e ter sempre uma garrafinha com \u00e1gua \u00e0 m\u00e3o, mesmo quando estiver em casa;<\/p>\n<p>Dar prefer\u00eancia a alimenta\u00e7\u00e3o leve como alimentos frescos, frutas e verduras;<\/p>\n<p>Procurar abrigo em locais florestados;<\/p>\n<p>Aplicar protetor solar no rosto, bra\u00e7os, pernas e em demais \u00e1reas expostas do corpo sempre que houver necessidade de se expor ao sol;<\/p>\n<p>Utilizar \u00f3culos escuros, bon\u00e9s e chap\u00e9us;<\/p>\n<p>Manter ambientes dom\u00e9sticos e de trabalho bem ventilados ou climatizados;<\/p>\n<p>Evitar locais com aglomera\u00e7\u00f5es de pessoas e baixa circula\u00e7\u00e3o de ar;<\/p>\n<p>Utilizar umidificadores de ar ou tolhas molhadas, baldes com \u00e1gua nos ambientes de conv\u00edvio;<\/p>\n<p>Em ve\u00edculos sem ar-condicionado, deixar as janelas abertas;<\/p>\n<p>Evitar queimadas, pois em condi\u00e7\u00f5es atmosf\u00e9ricas extremas de altas temperaturas e baixas umidades a probabilidade do aumento de focos de calor e fogo e inc\u00eandios florestais aumentam.<\/p>\n<p><strong>Calor no restante do pa\u00eds<\/strong><\/p>\n<p>Outros estados tamb\u00e9m est\u00e3o sofrendo, alguns est\u00e3o inclusive sendo afetados por uma onda de calor, onde as temperaturas devem fica 5 \u00b0C acima da m\u00e9dia.<\/p>\n<p>Pelos registros do Instituto Nacional de Meteorologia, a maior temperatura oficialmente medida no Brasil, at\u00e9 agora, foi de 44,8\u00b0C, em Nova Maring\u00e1, nos dias 4 e 5 de novembro de 2020. Com essa nova onda de calor, \u00e9 poss\u00edvel que esse valor seja superado, e o pa\u00eds registre at\u00e9 45\u00b0C.<\/p>\n<p>Fonte; cidadeverde<\/p>\n<p>&nbsp;<\/p>\n","protected":false},"excerpt":{"rendered":"<p>O pa\u00eds enfrenta mais uma onda de calor, e o Piau\u00ed n\u00e3o est\u00e1 de fora. O Instituto Nacional de Meteorologia emitiu nesta segunda-feira (13) um alerta de onda de calor&#8230;<\/p>\n","protected":false},"author":1,"featured_media":158716,"comment_status":"open","ping_status":"open","sticky":false,"template":"","format":"standard","meta":{"ngg_post_thumbnail":0,"footnotes":""},"categories":[243],"tags":[],"class_list":["post-158715","post","type-post","status-publish","format-standard","has-post-thumbnail","hentry","category-geral"],"views":753,"meta_data":{"thumb":"https:\/\/portalv1.com.br\/app\/wp-content\/uploads\/2023\/11\/temperatua-sol.jpg","imagem":{"fullsize":{"url":"https:\/\/portalv1.com.br\/app\/wp-content\/uploads\/2023\/11\/temperatua-sol.jpg","width":1000,"height":664},"medium":{"url":"https:\/\/portalv1.com.br\/app\/wp-content\/uploads\/2023\/11\/temperatua-sol-300x199.jpg","width":300,"height":199},"large":{"url":"https:\/\/portalv1.com.br\/app\/wp-content\/uploads\/2023\/11\/temperatua-sol-640x425.jpg","width":640,"height":425},"thumbnail":{"url":"https:\/\/portalv1.com.br\/app\/wp-content\/uploads\/2023\/11\/temperatua-sol-100x100.jpg","width":100,"height":100},"medium_large":{"url":"https:\/\/portalv1.com.br\/app\/wp-content\/uploads\/2023\/11\/temperatua-sol-768x510.jpg","width":768,"height":510}},"data":{"simple":"13\/11\/2023","date_time":"13\/11\/2023 18:24:07","date":"h\u00e1 2 anos"},"chapeu":"Veja n\u00fameros ","source":"slide"},"_links":{"self":[{"href":"https:\/\/portalv1.com.br\/api\/wp\/v2\/posts\/158715","targetHints":{"allow":["GET"]}}],"collection":[{"href":"https:\/\/portalv1.com.br\/api\/wp\/v2\/posts"}],"about":[{"href":"https:\/\/portalv1.com.br\/api\/wp\/v2\/types\/post"}],"author":[{"embeddable":true,"href":"https:\/\/portalv1.com.br\/api\/wp\/v2\/users\/1"}],"replies":[{"embeddable":true,"href":"https:\/\/portalv1.com.br\/api\/wp\/v2\/comments?post=158715"}],"version-history":[{"count":0,"href":"https:\/\/portalv1.com.br\/api\/wp\/v2\/posts\/158715\/revisions"}],"wp:featuredmedia":[{"embeddable":true,"href":"https:\/\/portalv1.com.br\/api\/wp\/v2\/media\/158716"}],"wp:attachment":[{"href":"https:\/\/portalv1.com.br\/api\/wp\/v2\/media?parent=158715"}],"wp:term":[{"taxonomy":"category","embeddable":true,"href":"https:\/\/portalv1.com.br\/api\/wp\/v2\/categories?post=158715"},{"taxonomy":"post_tag","embeddable":true,"href":"https:\/\/portalv1.com.br\/api\/wp\/v2\/tags?post=158715"}],"curies":[{"name":"wp","href":"https:\/\/api.w.org\/{rel}","templated":true}]}}