{"id":15884,"date":"2013-05-29T10:29:00","date_gmt":"2013-05-29T13:29:00","guid":{"rendered":"https:\/\/portalv1.com.br\/?p=15884"},"modified":"2013-05-31T17:46:49","modified_gmt":"2013-05-31T20:46:49","slug":"joaquim-filho-pede-explicacoes-ao-ministerio-da-educacao-sobre-a-creche","status":"publish","type":"post","link":"https:\/\/portalv1.com.br\/joaquim-filho-pede-explicacoes-ao-ministerio-da-educacao-sobre-a-creche\/","title":{"rendered":"Joaquim Filho pede explica\u00e7\u00f5es ao Minist\u00e9rio da Educa\u00e7\u00e3o sobre a Creche"},"content":{"rendered":"<figure id=\"attachment_8922\" aria-describedby=\"caption-attachment-8922\" style=\"width: 300px\" class=\"wp-caption alignright\"><a href=\"https:\/\/portalv1.com.br\/app\/wp-content\/uploads\/2011\/06\/joaquimfa.jpg\"><img loading=\"lazy\" decoding=\"async\" class=\"size-full wp-image-8922\" alt=\"vereador Joaquim Filho \" src=\"https:\/\/portalv1.com.br\/app\/wp-content\/uploads\/2011\/06\/joaquimfa.jpg\" width=\"300\" height=\"183\" \/><\/a><figcaption id=\"caption-attachment-8922\" class=\"wp-caption-text\">vereador Joaquim Filho<\/figcaption><\/figure>\n<p>O vereador Joaquim Filho (PTB) aprovou na sess\u00e3o da c\u00e2mara requerimento solicitando informa\u00e7\u00f5es do Minist\u00e9rio da Educa\u00e7\u00e3o sobre a real situa\u00e7\u00e3o da creche do pr\u00f3-inf\u00e2ncia de Valen\u00e7a. O vereador pediu informa\u00e7\u00f5es a Bras\u00edlia depois de a prefeitura de Valen\u00e7a se negou a enviar as informa\u00e7\u00f5es pedidas por ele e pelos vereadores Jos\u00e9 Itamar (PMDB) e Edilsa do Vale (PP).<\/p>\n<p>O vereador quer saber se a creche j\u00e1 foi entregue a comunidade, uma vez, que a mesma j\u00e1 teve funcionando nos meses de agosto, setembro e outubro e ap\u00f3s esse per\u00edodo que coincide com o per\u00edodo eleitoral ela foi desativada prejudicando os alunos e deixando os professores contratados sem receber o dinheiro.<\/p>\n<p>O vereador lamentou esse tipo de artimanha que serve apenas para enganar o povo ainda seja praticado em Valen\u00e7a contra os mais humildes. Ele pediu providencia dos \u00f3rg\u00e3os fiscalizadores para punir esses gestores que se utilizam desses expedientes menosprezando a popula\u00e7\u00e3o e os \u00f3rg\u00e3os fiscalizadores. \u201cEsse tipo de gestor deve ser \u00e9 preso\u201d afirmou o vereador do PTB.<\/p>\n<p>O vereador Jos\u00e9 Itamar com a palavra parabenizou o vereador pela den\u00fancia ao minist\u00e9rio e lamentou a falta de respeito da prefeitura em acobertar esse tipo de informa\u00e7\u00e3o pedida pelo legislativo. A presidenta Ielva Mel\u00e3o na discuss\u00e3o do projeto disse que a obra n\u00e3o foi entregue porque estar faltando \u00e0 constru\u00e7\u00e3o de uma caixa d\u2019\u00e1gua. Ela tamb\u00e9m enalteceu a iniciativa do vereador em buscar essas informa\u00e7\u00f5es direto na fonte em Bras\u00edlia. O requerimento foi aprovado por unanimidade.<\/p>\n","protected":false},"excerpt":{"rendered":"<p>O vereador Joaquim Filho (PTB) aprovou na sess\u00e3o da c\u00e2mara requerimento solicitando informa\u00e7\u00f5es do Minist\u00e9rio da Educa\u00e7\u00e3o sobre a real situa\u00e7\u00e3o da creche do pr\u00f3-inf\u00e2ncia de Valen\u00e7a. O vereador pediu&#8230;<\/p>\n","protected":false},"author":1,"featured_media":0,"comment_status":"open","ping_status":"open","sticky":false,"template":"","format":"standard","meta":{"ngg_post_thumbnail":0,"footnotes":""},"categories":[12],"tags":[],"class_list":["post-15884","post","type-post","status-publish","format-standard","hentry","category-valenca-news"],"views":828,"meta_data":{"thumb":"https:\/\/portalv1.com.br\/app\/wp-content\/uploads\/2011\/06\/joaquimfa.jpg","data":{"simple":"29\/05\/2013","date_time":"29\/05\/2013 07:29:00","date":"h\u00e1 13 anos"},"chapeu":"Pr\u00f3-inf\u00e2ncia de Valen\u00e7a","source":"foto_menor"},"_links":{"self":[{"href":"https:\/\/portalv1.com.br\/api\/wp\/v2\/posts\/15884","targetHints":{"allow":["GET"]}}],"collection":[{"href":"https:\/\/portalv1.com.br\/api\/wp\/v2\/posts"}],"about":[{"href":"https:\/\/portalv1.com.br\/api\/wp\/v2\/types\/post"}],"author":[{"embeddable":true,"href":"https:\/\/portalv1.com.br\/api\/wp\/v2\/users\/1"}],"replies":[{"embeddable":true,"href":"https:\/\/portalv1.com.br\/api\/wp\/v2\/comments?post=15884"}],"version-history":[{"count":0,"href":"https:\/\/portalv1.com.br\/api\/wp\/v2\/posts\/15884\/revisions"}],"wp:attachment":[{"href":"https:\/\/portalv1.com.br\/api\/wp\/v2\/media?parent=15884"}],"wp:term":[{"taxonomy":"category","embeddable":true,"href":"https:\/\/portalv1.com.br\/api\/wp\/v2\/categories?post=15884"},{"taxonomy":"post_tag","embeddable":true,"href":"https:\/\/portalv1.com.br\/api\/wp\/v2\/tags?post=15884"}],"curies":[{"name":"wp","href":"https:\/\/api.w.org\/{rel}","templated":true}]}}