{"id":159052,"date":"2023-11-17T10:31:59","date_gmt":"2023-11-17T13:31:59","guid":{"rendered":"https:\/\/portalv1.com.br\/?p=159052"},"modified":"2023-11-17T10:34:15","modified_gmt":"2023-11-17T13:34:15","slug":"prf-prende-homem-por-embriaguez-ao-volante-em-valenca-do-piaui","status":"publish","type":"post","link":"https:\/\/portalv1.com.br\/prf-prende-homem-por-embriaguez-ao-volante-em-valenca-do-piaui\/","title":{"rendered":"PRF prende homem por embriaguez ao volante em Valen\u00e7a do Piau\u00ed"},"content":{"rendered":"<p dir=\"ltr\">Na ultima segunda-feira,&nbsp; (13), durante&nbsp; fiscaliza\u00e7\u00e3o na BR-316, em Valen\u00e7a do Piau\u00ed (PI), a Pol\u00edcia Rodovi\u00e1ria Federal (PRF) prendeu um homem de 58 anos por embriaguez ao volante. Horas antes, a PRF havia recebido uma den\u00fancia an\u00f4nima sobre o estado de embriaguez em que o referido homem se encontrava.<\/p>\n<p dir=\"ltr\">Ap\u00f3s a den\u00fancia, a equipe, com base nas descri\u00e7\u00f5es fornecidas, localizou o ve\u00edculo, um Volvo\/NL12 360 4x2t E. Ao ser abordado, o condutor apresentava evidentes sinais de embriaguez, como fala embargada, odor et\u00edlico e dificuldades no equil\u00edbrio.<\/p>\n<p dir=\"ltr\">Diante disso, o homem foi submetido ao teste do etil\u00f4metro, que constatou um teor de 1,02 miligramas de \u00e1lcool por litro de ar expelido pelos pulm\u00f5es, um \u00edndice muito acima do limite permitido.<\/p>\n<p dir=\"ltr\">Diante das circunst\u00e2ncias, o homem foi conduzido \u00e0 Delegacia de Pol\u00edcia Civil de Valen\u00e7a para a ado\u00e7\u00e3o dos procedimentos cab\u00edveis. Ele responder\u00e1, em princ\u00edpio, pelo crime de conduzir ve\u00edculo automotor com a capacidade psicomotora alterada em raz\u00e3o da influ\u00eancia de \u00e1lcool e ter\u00e1 que pagar uma multa no valor de R$ 2.934,70.<\/p>\n<p>Em casos parecidos como este, \u00e9 importante que a popula\u00e7\u00e3o tamb\u00e9m intervenha por meio de den\u00fancias, atrav\u00e9s do 191 ou pelo aplicativo PRF Brasil. Uma simples a\u00e7\u00e3o pode evitar acidentes e salvar in\u00fameras vidas.<a href=\"https:\/\/portalv1.com.br\/app\/wp-content\/uploads\/2023\/11\/771fbf9b-7301-4701-984b-112dd379f443.jpeg\"><img loading=\"lazy\" decoding=\"async\" class=\"aligncenter size-large wp-image-159053\" src=\"https:\/\/portalv1.com.br\/app\/wp-content\/uploads\/2023\/11\/771fbf9b-7301-4701-984b-112dd379f443-640x311.jpeg\" alt=\"\" width=\"600\" height=\"292\" srcset=\"https:\/\/portalv1.com.br\/app\/wp-content\/uploads\/2023\/11\/771fbf9b-7301-4701-984b-112dd379f443-640x311.jpeg 640w, https:\/\/portalv1.com.br\/app\/wp-content\/uploads\/2023\/11\/771fbf9b-7301-4701-984b-112dd379f443-300x146.jpeg 300w, https:\/\/portalv1.com.br\/app\/wp-content\/uploads\/2023\/11\/771fbf9b-7301-4701-984b-112dd379f443.jpeg 768w\" sizes=\"auto, (max-width: 600px) 100vw, 600px\" \/><\/a><\/p>\n","protected":false},"excerpt":{"rendered":"<p>Na ultima segunda-feira,&nbsp; (13), durante&nbsp; fiscaliza\u00e7\u00e3o na BR-316, em Valen\u00e7a do Piau\u00ed (PI), a Pol\u00edcia Rodovi\u00e1ria Federal (PRF) prendeu um homem de 58 anos por embriaguez ao volante. Horas antes,&#8230;<\/p>\n","protected":false},"author":1,"featured_media":115094,"comment_status":"open","ping_status":"open","sticky":false,"template":"","format":"standard","meta":{"ngg_post_thumbnail":0,"footnotes":""},"categories":[243],"tags":[],"class_list":["post-159052","post","type-post","status-publish","format-standard","has-post-thumbnail","hentry","category-geral"],"views":498,"meta_data":{"thumb":"https:\/\/portalv1.com.br\/app\/wp-content\/uploads\/2022\/04\/PRF-2.jpeg","imagem":{"fullsize":{"url":"https:\/\/portalv1.com.br\/app\/wp-content\/uploads\/2022\/04\/PRF-2.jpeg","width":768,"height":432},"medium":{"url":"https:\/\/portalv1.com.br\/app\/wp-content\/uploads\/2022\/04\/PRF-2-300x169.jpeg","width":300,"height":169},"large":{"url":"https:\/\/portalv1.com.br\/app\/wp-content\/uploads\/2022\/04\/PRF-2-640x360.jpeg","width":640,"height":360},"thumbnail":{"url":"https:\/\/portalv1.com.br\/app\/wp-content\/uploads\/2022\/04\/PRF-2-100x100.jpeg","width":100,"height":100}},"data":{"simple":"17\/11\/2023","date_time":"17\/11\/2023 07:31:59","date":"h\u00e1 2 anos"},"chapeu":"PRF","source":"slide"},"_links":{"self":[{"href":"https:\/\/portalv1.com.br\/api\/wp\/v2\/posts\/159052","targetHints":{"allow":["GET"]}}],"collection":[{"href":"https:\/\/portalv1.com.br\/api\/wp\/v2\/posts"}],"about":[{"href":"https:\/\/portalv1.com.br\/api\/wp\/v2\/types\/post"}],"author":[{"embeddable":true,"href":"https:\/\/portalv1.com.br\/api\/wp\/v2\/users\/1"}],"replies":[{"embeddable":true,"href":"https:\/\/portalv1.com.br\/api\/wp\/v2\/comments?post=159052"}],"version-history":[{"count":0,"href":"https:\/\/portalv1.com.br\/api\/wp\/v2\/posts\/159052\/revisions"}],"wp:featuredmedia":[{"embeddable":true,"href":"https:\/\/portalv1.com.br\/api\/wp\/v2\/media\/115094"}],"wp:attachment":[{"href":"https:\/\/portalv1.com.br\/api\/wp\/v2\/media?parent=159052"}],"wp:term":[{"taxonomy":"category","embeddable":true,"href":"https:\/\/portalv1.com.br\/api\/wp\/v2\/categories?post=159052"},{"taxonomy":"post_tag","embeddable":true,"href":"https:\/\/portalv1.com.br\/api\/wp\/v2\/tags?post=159052"}],"curies":[{"name":"wp","href":"https:\/\/api.w.org\/{rel}","templated":true}]}}