{"id":15922,"date":"2013-06-05T22:07:21","date_gmt":"2013-06-06T01:07:21","guid":{"rendered":"https:\/\/portalv1.com.br\/?p=15922"},"modified":"2013-06-07T00:18:44","modified_gmt":"2013-06-07T03:18:44","slug":"prefeitura-de-pimenteiras-realizara-2a-conferencia-das-cidades","status":"publish","type":"post","link":"https:\/\/portalv1.com.br\/prefeitura-de-pimenteiras-realizara-2a-conferencia-das-cidades\/","title":{"rendered":"Prefeitura de Pimenteiras realizar\u00e1 2\u00aa Confer\u00eancia das Cidades"},"content":{"rendered":"<figure id=\"attachment_15923\" aria-describedby=\"caption-attachment-15923\" style=\"width: 300px\" class=\"wp-caption alignright\"><a href=\"https:\/\/portalv1.com.br\/app\/wp-content\/uploads\/2013\/06\/pimneieras.jpg\"><img loading=\"lazy\" decoding=\"async\" class=\"size-full wp-image-15923\" alt=\"O evento acontecer\u00e1 no Centro Cultural Cineas Nogueira \" src=\"https:\/\/portalv1.com.br\/app\/wp-content\/uploads\/2013\/06\/pimneieras.jpg\" width=\"300\" height=\"225\" \/><\/a><figcaption id=\"caption-attachment-15923\" class=\"wp-caption-text\">O evento acontecer\u00e1 no Centro Cultural Cineas Nogueira<\/figcaption><\/figure>\n<p>A Prefeitura de Pimenteiras ir\u00e1 realizar nesta sexta-feira (07) a 2\u00aa Conferencia das Cidades. O evento acontecer\u00e1 no Centro Cultural Cineas Nogueira a partir das 08h da manha. A confer\u00eancia servir\u00e1 para a elabora\u00e7\u00e3o de propostas para o desenvolvimento da cidade por isso a participa\u00e7\u00e3o de entidades, ONGs, gestores p\u00fablicos, empres\u00e1rios, profissionais liberais, conselhos municipais e a sociedade em geral \u00e9 t\u00e3o importante. A finalidade do evento \u00e9 sensibilizar e mobilizar os pimenteirenses para a constru\u00e7\u00e3o de uma agenda com metas e a\u00e7\u00f5es buscando o desenvolvimento urbano e rural. As inscri\u00e7\u00f5es podem ser feitas na Secretaria de Assist\u00eancia Social.<\/p>\n","protected":false},"excerpt":{"rendered":"<p>A Prefeitura de Pimenteiras ir\u00e1 realizar nesta sexta-feira (07) a 2\u00aa Conferencia das Cidades. O evento acontecer\u00e1 no Centro Cultural Cineas Nogueira a partir das 08h da manha. A confer\u00eancia&#8230;<\/p>\n","protected":false},"author":1,"featured_media":0,"comment_status":"open","ping_status":"open","sticky":false,"template":"","format":"standard","meta":{"ngg_post_thumbnail":0,"footnotes":""},"categories":[1174],"tags":[],"class_list":["post-15922","post","type-post","status-publish","format-standard","hentry","category-pimenteiras"],"views":378,"meta_data":{"thumb":"https:\/\/portalv1.com.br\/app\/wp-content\/uploads\/2013\/06\/pimneieras.jpg","data":{"simple":"05\/06\/2013","date_time":"05\/06\/2013 19:07:21","date":"h\u00e1 13 anos"},"chapeu":"Nesta sexta","source":"retirar"},"_links":{"self":[{"href":"https:\/\/portalv1.com.br\/api\/wp\/v2\/posts\/15922","targetHints":{"allow":["GET"]}}],"collection":[{"href":"https:\/\/portalv1.com.br\/api\/wp\/v2\/posts"}],"about":[{"href":"https:\/\/portalv1.com.br\/api\/wp\/v2\/types\/post"}],"author":[{"embeddable":true,"href":"https:\/\/portalv1.com.br\/api\/wp\/v2\/users\/1"}],"replies":[{"embeddable":true,"href":"https:\/\/portalv1.com.br\/api\/wp\/v2\/comments?post=15922"}],"version-history":[{"count":0,"href":"https:\/\/portalv1.com.br\/api\/wp\/v2\/posts\/15922\/revisions"}],"wp:attachment":[{"href":"https:\/\/portalv1.com.br\/api\/wp\/v2\/media?parent=15922"}],"wp:term":[{"taxonomy":"category","embeddable":true,"href":"https:\/\/portalv1.com.br\/api\/wp\/v2\/categories?post=15922"},{"taxonomy":"post_tag","embeddable":true,"href":"https:\/\/portalv1.com.br\/api\/wp\/v2\/tags?post=15922"}],"curies":[{"name":"wp","href":"https:\/\/api.w.org\/{rel}","templated":true}]}}