{"id":1593,"date":"2009-12-01T00:53:25","date_gmt":"2009-12-01T03:53:25","guid":{"rendered":"https:\/\/portalv1.com.br\/?p=1593"},"modified":"2009-12-01T00:53:25","modified_gmt":"2009-12-01T03:53:25","slug":"correicao-eleitoral","status":"publish","type":"post","link":"https:\/\/portalv1.com.br\/correicao-eleitoral\/","title":{"rendered":"Correi\u00e7\u00e3o Eleitoral."},"content":{"rendered":"<p><a href=\"https:\/\/portalv1.com.br\/app\/wp-content\/uploads\/2009\/12\/wagner2.jpg\"><img loading=\"lazy\" decoding=\"async\" class=\"alignright size-full wp-image-1594\" title=\"wagner2\" src=\"https:\/\/portalv1.com.br\/app\/wp-content\/uploads\/2009\/12\/wagner2.jpg\" alt=\"wagner2\" width=\"300\" height=\"183\" \/><\/a>O Juiz Eleitoral da 18\u00aa Zona Eleitoral, Dr. Jos\u00e9 Wagner Linhares envia comunicado ao portalV1 comunicando que de 01\/12 a 11\/12 estar\u00e1 realizado a Correi\u00e7\u00e3o Ordin\u00e1ria Anual em Valen\u00e7a. Informa, ainda, que a Correi\u00e7\u00e3o Eleitoral ser\u00e1 facultada aos partidos pol\u00edticos, bem como a popula\u00e7\u00e3o em geral, acompanharem e fiscalizarem os trabalhos da Correi\u00e7\u00e3o.<\/p>\n<p>A 18\u00aa Zona Eleitoral \u00e9 composta pelas cidades de Valen\u00e7a, Lagoa do Sitio e Novo Oriente. A correi\u00e7\u00e3o \u00e9 uma fun\u00e7\u00e3o administrativa que permite a Justi\u00e7a verificar a exist\u00eancia de erros, abusos ou irregularidades na zona eleitoral e determinar as provid\u00eancias necess\u00e1rias para sua reabilita\u00e7\u00e3o.<\/p>\n","protected":false},"excerpt":{"rendered":"<p>O Juiz Eleitoral da 18\u00aa Zona Eleitoral, Dr. Jos\u00e9 Wagner Linhares envia comunicado ao portalV1 comunicando que de 01\/12 a 11\/12 estar\u00e1 realizado a Correi\u00e7\u00e3o Ordin\u00e1ria Anual em Valen\u00e7a. Informa,&#8230;<\/p>\n","protected":false},"author":1,"featured_media":0,"comment_status":"open","ping_status":"open","sticky":false,"template":"","format":"standard","meta":{"ngg_post_thumbnail":0,"footnotes":""},"categories":[12],"tags":[420,110,421,361,18],"class_list":["post-1593","post","type-post","status-publish","format-standard","hentry","category-valenca-news","tag-correicao","tag-dr-jose-wagner-linhares","tag-juiz-eleitoral","tag-portalv1","tag-valenca"],"views":575,"meta_data":{"thumb":"https:\/\/portalv1.com.br\/app\/wp-content\/uploads\/2009\/12\/wagner2.jpg","data":{"simple":"30\/11\/2009","date_time":"30\/11\/2009 21:53:25","date":"h\u00e1 16 anos"},"chapeu":"","source":""},"_links":{"self":[{"href":"https:\/\/portalv1.com.br\/api\/wp\/v2\/posts\/1593","targetHints":{"allow":["GET"]}}],"collection":[{"href":"https:\/\/portalv1.com.br\/api\/wp\/v2\/posts"}],"about":[{"href":"https:\/\/portalv1.com.br\/api\/wp\/v2\/types\/post"}],"author":[{"embeddable":true,"href":"https:\/\/portalv1.com.br\/api\/wp\/v2\/users\/1"}],"replies":[{"embeddable":true,"href":"https:\/\/portalv1.com.br\/api\/wp\/v2\/comments?post=1593"}],"version-history":[{"count":0,"href":"https:\/\/portalv1.com.br\/api\/wp\/v2\/posts\/1593\/revisions"}],"wp:attachment":[{"href":"https:\/\/portalv1.com.br\/api\/wp\/v2\/media?parent=1593"}],"wp:term":[{"taxonomy":"category","embeddable":true,"href":"https:\/\/portalv1.com.br\/api\/wp\/v2\/categories?post=1593"},{"taxonomy":"post_tag","embeddable":true,"href":"https:\/\/portalv1.com.br\/api\/wp\/v2\/tags?post=1593"}],"curies":[{"name":"wp","href":"https:\/\/api.w.org\/{rel}","templated":true}]}}