{"id":159323,"date":"2023-11-21T11:36:46","date_gmt":"2023-11-21T14:36:46","guid":{"rendered":"https:\/\/portalv1.com.br\/?p=159323"},"modified":"2023-11-21T11:36:46","modified_gmt":"2023-11-21T14:36:46","slug":"estudantes-do-campus-valenca-tem-17-trabalhos-cientificos-aprovados-no-conecta-if","status":"publish","type":"post","link":"https:\/\/portalv1.com.br\/estudantes-do-campus-valenca-tem-17-trabalhos-cientificos-aprovados-no-conecta-if\/","title":{"rendered":"Estudantes do Campus Valen\u00e7a t\u00eam 17 trabalhos cient\u00edficos aprovados no Conecta IF"},"content":{"rendered":"<p>Dezessete trabalhos cient\u00edficos desenvolvidos por estudantes do Campus Valen\u00e7a ser\u00e3o apresentados na&nbsp;7\u00aa edi\u00e7\u00e3o do ConectaIF, que acontecer\u00e1 no per\u00edodo de 20 a 23 de novembro, no Distrito Federal.<\/p>\n<p>O Conecta IF \u00e9 um evento gratuito e anual realizado pelo Instituto Federal de Bras\u00edlia que re\u00fane atividades de ensino, pesquisa, extens\u00e3o, inova\u00e7\u00e3o e tecnologia. Nele, s\u00e3o realizadas oficinas, mostras cient\u00edficas, art\u00edsticas, culturais,&nbsp;<span class=\"wixui-rich-text__text\">workshops<\/span>, rodas de conversa, apresenta\u00e7\u00e3o de prot\u00f3tipos de produtos, palestras, competi\u00e7\u00f5es e exposi\u00e7\u00f5es.&nbsp;<\/p>\n<p>Do Campus Valen\u00e7a, ser\u00e3o apresentados 10 trabalhos vinculados \u00e0 \u00e1rea tem\u00e1tica de Ci\u00eancias Exatas e da Terra e 7 ligados \u00e0 \u00e1rea tem\u00e1tica Multidisciplinar, feitos por estudantes dos cursos t\u00e9cnicos de Meio Ambiente e de Administra\u00e7\u00e3o, al\u00e9m de estudantes do curso de Licenciatura em Ci\u00eancias Biol\u00f3gicas. Esses trabalhos ser\u00e3o apresentados no formato de resumos e foram orientados pelos professores Leanne Silva de Sousa e Tancio Gutier Ailan Costa.<\/p>\n<p>Segundo Jos\u00e9 Edimar Lopes, coordenador de Pesquisa, P\u00f3s-gradua\u00e7\u00e3o e Inova\u00e7\u00e3o do Campus, a&nbsp;expectativa \u00e9 que a participa\u00e7\u00e3o no ConectaIF contribua significativamente para a forma\u00e7\u00e3o acad\u00eamica e profissional dos estudantes, promovendo a troca de experi\u00eancias e o enriquecimento do conhecimento. &#8220;A aprova\u00e7\u00e3o de 17 resumos \u00e9 reflexo do esfor\u00e7o e dedica\u00e7\u00e3o dos alunos nas atividades de pesquisa, um processo de extrema import\u00e2ncia na forma\u00e7\u00e3o acad\u00eamica que cumpre a miss\u00e3o dos Institutos Federais&#8221;, complementa o professor.<\/p>\n<p>Confira a&nbsp;<a class=\"internal-link\" title=\"\" href=\"https:\/\/www.ifpi.edu.br\/valenca\/noticias\/Requerimentodesolicitaodediriaseajudadecusto_ConcetaIF13.pdf\" target=\"_self\" rel=\"noopener\">lista de resumos<\/a>&nbsp;que ser\u00e3o apresentados no Conecta IF.<\/p>\n<p>Fonte: ascom<\/p>\n","protected":false},"excerpt":{"rendered":"<p>Dezessete trabalhos cient\u00edficos desenvolvidos por estudantes do Campus Valen\u00e7a ser\u00e3o apresentados na&nbsp;7\u00aa edi\u00e7\u00e3o do ConectaIF, que acontecer\u00e1 no per\u00edodo de 20 a 23 de novembro, no Distrito Federal. O Conecta&#8230;<\/p>\n","protected":false},"author":1,"featured_media":92873,"comment_status":"open","ping_status":"open","sticky":false,"template":"","format":"standard","meta":{"ngg_post_thumbnail":0,"footnotes":""},"categories":[243],"tags":[],"class_list":["post-159323","post","type-post","status-publish","format-standard","has-post-thumbnail","hentry","category-geral"],"views":354,"meta_data":{"thumb":"https:\/\/portalv1.com.br\/app\/wp-content\/uploads\/2021\/04\/IFPI-VALENCA-Copy.jpg","imagem":{"fullsize":{"url":"https:\/\/portalv1.com.br\/app\/wp-content\/uploads\/2021\/04\/IFPI-VALENCA-Copy.jpg","width":1024,"height":576},"medium":{"url":"https:\/\/portalv1.com.br\/app\/wp-content\/uploads\/2021\/04\/IFPI-VALENCA-Copy-300x169.jpg","width":300,"height":169},"large":{"url":"https:\/\/portalv1.com.br\/app\/wp-content\/uploads\/2021\/04\/IFPI-VALENCA-Copy-640x360.jpg","width":640,"height":360},"thumbnail":{"url":"https:\/\/portalv1.com.br\/app\/wp-content\/uploads\/2021\/04\/IFPI-VALENCA-Copy-100x100.jpg","width":100,"height":100},"medium_large":{"url":"https:\/\/portalv1.com.br\/app\/wp-content\/uploads\/2021\/04\/IFPI-VALENCA-Copy-768x432.jpg","width":768,"height":432}},"data":{"simple":"21\/11\/2023","date_time":"21\/11\/2023 08:36:46","date":"h\u00e1 2 anos"},"chapeu":"Saiba Detalhes ","source":"m_destacada"},"_links":{"self":[{"href":"https:\/\/portalv1.com.br\/api\/wp\/v2\/posts\/159323","targetHints":{"allow":["GET"]}}],"collection":[{"href":"https:\/\/portalv1.com.br\/api\/wp\/v2\/posts"}],"about":[{"href":"https:\/\/portalv1.com.br\/api\/wp\/v2\/types\/post"}],"author":[{"embeddable":true,"href":"https:\/\/portalv1.com.br\/api\/wp\/v2\/users\/1"}],"replies":[{"embeddable":true,"href":"https:\/\/portalv1.com.br\/api\/wp\/v2\/comments?post=159323"}],"version-history":[{"count":0,"href":"https:\/\/portalv1.com.br\/api\/wp\/v2\/posts\/159323\/revisions"}],"wp:featuredmedia":[{"embeddable":true,"href":"https:\/\/portalv1.com.br\/api\/wp\/v2\/media\/92873"}],"wp:attachment":[{"href":"https:\/\/portalv1.com.br\/api\/wp\/v2\/media?parent=159323"}],"wp:term":[{"taxonomy":"category","embeddable":true,"href":"https:\/\/portalv1.com.br\/api\/wp\/v2\/categories?post=159323"},{"taxonomy":"post_tag","embeddable":true,"href":"https:\/\/portalv1.com.br\/api\/wp\/v2\/tags?post=159323"}],"curies":[{"name":"wp","href":"https:\/\/api.w.org\/{rel}","templated":true}]}}