{"id":159677,"date":"2023-11-29T22:31:33","date_gmt":"2023-11-30T01:31:33","guid":{"rendered":"https:\/\/portalv1.com.br\/?p=159677"},"modified":"2023-11-29T22:31:33","modified_gmt":"2023-11-30T01:31:33","slug":"agespisa-interrompe-fornecimento-de-agua-na-cidade-de-inhuma-nesta-quinta-feira","status":"publish","type":"post","link":"https:\/\/portalv1.com.br\/agespisa-interrompe-fornecimento-de-agua-na-cidade-de-inhuma-nesta-quinta-feira\/","title":{"rendered":"Agespisa interrompe fornecimento de \u00e1gua na cidade de Inhuma nesta quinta-feira"},"content":{"rendered":"<p>A Ag\u00eancia de \u00c1guas e Esgotos do Piau\u00ed (Agespisa) informou, nesta quinta-feira, 30 de novembro que realizar\u00e1 a partir das 07h30 a suspens\u00e3o do fornecimento d\u2019\u00e1gua na cidade de Inhuma para uma interliga\u00e7\u00e3o na rede de distribui\u00e7\u00e3o d\u2019\u00e1gua no munic\u00edpio. A previs\u00e3o \u00e9 que a \u00e1gua retorne de forma gradual a partir das 13h.<a href=\"https:\/\/portalv1.com.br\/app\/wp-content\/uploads\/2023\/11\/WhatsApp-Image-2023-11-29-at-19.45.03.jpeg\"><img loading=\"lazy\" decoding=\"async\" class=\"aligncenter size-large wp-image-159678\" src=\"https:\/\/portalv1.com.br\/app\/wp-content\/uploads\/2023\/11\/WhatsApp-Image-2023-11-29-at-19.45.03-640x1138.jpeg\" alt=\"\" width=\"600\" height=\"1067\" srcset=\"https:\/\/portalv1.com.br\/app\/wp-content\/uploads\/2023\/11\/WhatsApp-Image-2023-11-29-at-19.45.03-640x1138.jpeg 640w, https:\/\/portalv1.com.br\/app\/wp-content\/uploads\/2023\/11\/WhatsApp-Image-2023-11-29-at-19.45.03-300x534.jpeg 300w, https:\/\/portalv1.com.br\/app\/wp-content\/uploads\/2023\/11\/WhatsApp-Image-2023-11-29-at-19.45.03-768x1366.jpeg 768w, https:\/\/portalv1.com.br\/app\/wp-content\/uploads\/2023\/11\/WhatsApp-Image-2023-11-29-at-19.45.03-864x1536.jpeg 864w, https:\/\/portalv1.com.br\/app\/wp-content\/uploads\/2023\/11\/WhatsApp-Image-2023-11-29-at-19.45.03.jpeg 899w\" sizes=\"auto, (max-width: 600px) 100vw, 600px\" \/><\/a><\/p>\n","protected":false},"excerpt":{"rendered":"<p>A Ag\u00eancia de \u00c1guas e Esgotos do Piau\u00ed (Agespisa) informou, nesta quinta-feira, 30 de novembro que realizar\u00e1 a partir das 07h30 a suspens\u00e3o do fornecimento d\u2019\u00e1gua na cidade de Inhuma&#8230;<\/p>\n","protected":false},"author":1,"featured_media":105149,"comment_status":"open","ping_status":"open","sticky":false,"template":"","format":"standard","meta":{"ngg_post_thumbnail":0,"footnotes":""},"categories":[243],"tags":[],"class_list":["post-159677","post","type-post","status-publish","format-standard","has-post-thumbnail","hentry","category-geral"],"views":161,"meta_data":{"thumb":"https:\/\/portalv1.com.br\/app\/wp-content\/uploads\/2021\/11\/torneira.jpg","imagem":{"fullsize":{"url":"https:\/\/portalv1.com.br\/app\/wp-content\/uploads\/2021\/11\/torneira.jpg","width":588,"height":395},"medium":{"url":"https:\/\/portalv1.com.br\/app\/wp-content\/uploads\/2021\/11\/torneira-300x202.jpg","width":300,"height":202},"thumbnail":{"url":"https:\/\/portalv1.com.br\/app\/wp-content\/uploads\/2021\/11\/torneira-100x100.jpg","width":100,"height":100}},"data":{"simple":"29\/11\/2023","date_time":"29\/11\/2023 19:31:33","date":"h\u00e1 2 anos"},"chapeu":"Veja motivo","source":"slide"},"_links":{"self":[{"href":"https:\/\/portalv1.com.br\/api\/wp\/v2\/posts\/159677","targetHints":{"allow":["GET"]}}],"collection":[{"href":"https:\/\/portalv1.com.br\/api\/wp\/v2\/posts"}],"about":[{"href":"https:\/\/portalv1.com.br\/api\/wp\/v2\/types\/post"}],"author":[{"embeddable":true,"href":"https:\/\/portalv1.com.br\/api\/wp\/v2\/users\/1"}],"replies":[{"embeddable":true,"href":"https:\/\/portalv1.com.br\/api\/wp\/v2\/comments?post=159677"}],"version-history":[{"count":0,"href":"https:\/\/portalv1.com.br\/api\/wp\/v2\/posts\/159677\/revisions"}],"wp:featuredmedia":[{"embeddable":true,"href":"https:\/\/portalv1.com.br\/api\/wp\/v2\/media\/105149"}],"wp:attachment":[{"href":"https:\/\/portalv1.com.br\/api\/wp\/v2\/media?parent=159677"}],"wp:term":[{"taxonomy":"category","embeddable":true,"href":"https:\/\/portalv1.com.br\/api\/wp\/v2\/categories?post=159677"},{"taxonomy":"post_tag","embeddable":true,"href":"https:\/\/portalv1.com.br\/api\/wp\/v2\/tags?post=159677"}],"curies":[{"name":"wp","href":"https:\/\/api.w.org\/{rel}","templated":true}]}}