{"id":159777,"date":"2023-11-30T15:45:43","date_gmt":"2023-11-30T18:45:43","guid":{"rendered":"https:\/\/portalv1.com.br\/?p=159777"},"modified":"2023-11-30T15:45:43","modified_gmt":"2023-11-30T18:45:43","slug":"francinopolis-vai-realizar-i-seminario-municipal-de-boas-praticas-da-rede-de-ensino","status":"publish","type":"post","link":"https:\/\/portalv1.com.br\/francinopolis-vai-realizar-i-seminario-municipal-de-boas-praticas-da-rede-de-ensino\/","title":{"rendered":"Francin\u00f3polis vai realizar I Semin\u00e1rio Municipal de Boas Pr\u00e1ticas da Rede de Ensino"},"content":{"rendered":"<p>A Prefeitura Municipal de Francin\u00f3polis do Piau\u00ed por meio da Secretaria de Educa\u00e7\u00e3o vai realizar no dia 02 de dezembro, o &#8220;I Semin\u00e1rio Municipal de Boas Pr\u00e1ticas da Rede de Ensino&#8221;. O evento vai acontecer na escola Teresa Soares Feitosa, das 8h \u00e0s 17h.<\/p>\n<p>O encontro \u00e9 o momento ideal para que os educadores compartilhem suas experi\u00eancias e possam promover reflex\u00f5es acerca das boas pr\u00e1ticas inovadoras e metodol\u00f3gicas que transformam o ambiente escolar da rede municipal de ensino.<\/p>\n<p><strong>Veja programa\u00e7\u00e3o completa:<\/strong><\/p>\n<p>Manh\u00e3<\/p>\n<p><strong>8h00: Abertura <\/strong><\/p>\n<p>Composi\u00e7\u00e3o da mesa<\/p>\n<p>Fala da secret\u00e1ria de Educa\u00e7\u00e3o<\/p>\n<p>8h20: Apresenta\u00e7\u00e3o da leitura do livro da autora homenageada Raimundinha Melo: Ana Liz e Bar da Luz Aluna: H\u00e1vylla Vit\u00f3ria de Jesus Nascimentos &#8211; 1\u00ba Ano B<\/p>\n<p>8h30: Acolhida com a Psic\u00f3loga J\u00e9ssika Sterllaynne<\/p>\n<p>Tema: Sa\u00fade Mental dos Trabalhadores da Educa\u00e7\u00e3o<\/p>\n<p><strong>9h00: Intervalo<\/strong><\/p>\n<p>9h20: Apresenta\u00e7\u00e3o das boas pr\u00e1ticas<\/p>\n<p>Gestores: Creche Prf\u00aa Sueli<\/p>\n<p>U.E.M Ant\u00f4nia Gomes Martins<\/p>\n<p>U.E.M Teresa Soares Feitosa<\/p>\n<p>U.E.M. Ant\u00f4nio Xavier<\/p>\n<p>U.E.M. Ant\u00f4nio Xavier (EJA)<\/p>\n<p>9h45: Apresenta\u00e7\u00e3o das boas pr\u00e1ticas<\/p>\n<p>Professores: Creche Prf\u00aa Sueli<\/p>\n<p>10:20h: Apresenta\u00e7\u00e3o das boas pr\u00e1ticas<\/p>\n<p>Professores: U.E.M Ant\u00f4nia Gomes Martins<\/p>\n<p>10:55h: Apresenta\u00e7\u00e3o das boas pr\u00e1ticas<\/p>\n<p>Professores: U.E.M Teresa Soares Feitosa<\/p>\n<p><strong>12h00: Intervalo<\/strong><\/p>\n<p>&nbsp;<\/p>\n<p><strong>Tarde<\/strong><\/p>\n<p>13h30: Apresenta\u00e7\u00e3o das boas pr\u00e1ticas Professores: U.E.M Teresa Soares Feitosa<\/p>\n<p>14h05: Apresenta\u00e7\u00e3o das boas pr\u00e1ticas<\/p>\n<p>Professores: U.E.M. Ant\u00f4nio Xavier<\/p>\n<p>14h45: Apresenta\u00e7\u00e3o das boas pr\u00e1ticas<\/p>\n<p>Professores: U.E.M. Ant\u00f4nio Xavier (EJA)<\/p>\n<p>14h55: Apresenta\u00e7\u00e3o das boas pr\u00e1ticas<\/p>\n<p>Equipe Semec<\/p>\n<p><strong>15h15: Encerramento<\/strong><\/p>\n<p><a href=\"https:\/\/portalv1.com.br\/app\/wp-content\/uploads\/2023\/11\/seminario.jpg\"><img loading=\"lazy\" decoding=\"async\" class=\"aligncenter size-large wp-image-159778\" src=\"https:\/\/portalv1.com.br\/app\/wp-content\/uploads\/2023\/11\/seminario-640x640.jpg\" alt=\"\" width=\"600\" height=\"600\" srcset=\"https:\/\/portalv1.com.br\/app\/wp-content\/uploads\/2023\/11\/seminario-640x640.jpg 640w, https:\/\/portalv1.com.br\/app\/wp-content\/uploads\/2023\/11\/seminario-300x300.jpg 300w, https:\/\/portalv1.com.br\/app\/wp-content\/uploads\/2023\/11\/seminario-100x100.jpg 100w, https:\/\/portalv1.com.br\/app\/wp-content\/uploads\/2023\/11\/seminario-768x768.jpg 768w, https:\/\/portalv1.com.br\/app\/wp-content\/uploads\/2023\/11\/seminario-1536x1536.jpg 1536w, https:\/\/portalv1.com.br\/app\/wp-content\/uploads\/2023\/11\/seminario.jpg 1600w\" sizes=\"auto, (max-width: 600px) 100vw, 600px\" \/><\/a><\/p>\n<p>&nbsp;<\/p>\n","protected":false},"excerpt":{"rendered":"<p>A Prefeitura Municipal de Francin\u00f3polis do Piau\u00ed por meio da Secretaria de Educa\u00e7\u00e3o vai realizar no dia 02 de dezembro, o &#8220;I Semin\u00e1rio Municipal de Boas Pr\u00e1ticas da Rede de&#8230;<\/p>\n","protected":false},"author":1,"featured_media":159778,"comment_status":"open","ping_status":"open","sticky":false,"template":"","format":"standard","meta":{"ngg_post_thumbnail":0,"footnotes":""},"categories":[243],"tags":[],"class_list":["post-159777","post","type-post","status-publish","format-standard","has-post-thumbnail","hentry","category-geral"],"views":218,"meta_data":{"thumb":"https:\/\/portalv1.com.br\/app\/wp-content\/uploads\/2023\/11\/seminario.jpg","imagem":{"fullsize":{"url":"https:\/\/portalv1.com.br\/app\/wp-content\/uploads\/2023\/11\/seminario.jpg","width":1600,"height":1600},"medium":{"url":"https:\/\/portalv1.com.br\/app\/wp-content\/uploads\/2023\/11\/seminario-300x300.jpg","width":300,"height":300},"large":{"url":"https:\/\/portalv1.com.br\/app\/wp-content\/uploads\/2023\/11\/seminario-640x640.jpg","width":640,"height":640},"thumbnail":{"url":"https:\/\/portalv1.com.br\/app\/wp-content\/uploads\/2023\/11\/seminario-100x100.jpg","width":100,"height":100},"medium_large":{"url":"https:\/\/portalv1.com.br\/app\/wp-content\/uploads\/2023\/11\/seminario-768x768.jpg","width":768,"height":768},"1536x1536":{"url":"https:\/\/portalv1.com.br\/app\/wp-content\/uploads\/2023\/11\/seminario-1536x1536.jpg","width":1536,"height":1536}},"data":{"simple":"30\/11\/2023","date_time":"30\/11\/2023 12:45:43","date":"h\u00e1 2 anos"},"chapeu":"Veja programa\u00e7\u00e3o ","source":"slide"},"_links":{"self":[{"href":"https:\/\/portalv1.com.br\/api\/wp\/v2\/posts\/159777","targetHints":{"allow":["GET"]}}],"collection":[{"href":"https:\/\/portalv1.com.br\/api\/wp\/v2\/posts"}],"about":[{"href":"https:\/\/portalv1.com.br\/api\/wp\/v2\/types\/post"}],"author":[{"embeddable":true,"href":"https:\/\/portalv1.com.br\/api\/wp\/v2\/users\/1"}],"replies":[{"embeddable":true,"href":"https:\/\/portalv1.com.br\/api\/wp\/v2\/comments?post=159777"}],"version-history":[{"count":0,"href":"https:\/\/portalv1.com.br\/api\/wp\/v2\/posts\/159777\/revisions"}],"wp:featuredmedia":[{"embeddable":true,"href":"https:\/\/portalv1.com.br\/api\/wp\/v2\/media\/159778"}],"wp:attachment":[{"href":"https:\/\/portalv1.com.br\/api\/wp\/v2\/media?parent=159777"}],"wp:term":[{"taxonomy":"category","embeddable":true,"href":"https:\/\/portalv1.com.br\/api\/wp\/v2\/categories?post=159777"},{"taxonomy":"post_tag","embeddable":true,"href":"https:\/\/portalv1.com.br\/api\/wp\/v2\/tags?post=159777"}],"curies":[{"name":"wp","href":"https:\/\/api.w.org\/{rel}","templated":true}]}}