{"id":15986,"date":"2013-06-14T10:13:19","date_gmt":"2013-06-14T13:13:19","guid":{"rendered":"https:\/\/portalv1.com.br\/?p=15986"},"modified":"2013-06-14T10:14:43","modified_gmt":"2013-06-14T13:14:43","slug":"uabuespi-de-valenca-abre-vagas-de-especializacao-e-tutoria","status":"publish","type":"post","link":"https:\/\/portalv1.com.br\/uabuespi-de-valenca-abre-vagas-de-especializacao-e-tutoria\/","title":{"rendered":"UAB\/UESPI de Valen\u00e7a abre vagas de especializa\u00e7\u00e3o e tutoria"},"content":{"rendered":"<figure id=\"attachment_15791\" aria-describedby=\"caption-attachment-15791\" style=\"width: 300px\" class=\"wp-caption alignright\"><a href=\"https:\/\/portalv1.com.br\/app\/wp-content\/uploads\/2013\/05\/uab.jpg\"><img loading=\"lazy\" decoding=\"async\" class=\"size-medium wp-image-15791\" alt=\"Equipe da UAB Polo de Valen\u00e7a \" src=\"https:\/\/portalv1.com.br\/app\/wp-content\/uploads\/2013\/05\/uab-300x225.jpg\" width=\"300\" height=\"225\" srcset=\"https:\/\/portalv1.com.br\/app\/wp-content\/uploads\/2013\/05\/uab-300x225.jpg 300w, https:\/\/portalv1.com.br\/app\/wp-content\/uploads\/2013\/05\/uab.jpg 640w\" sizes=\"auto, (max-width: 300px) 100vw, 300px\" \/><\/a><figcaption id=\"caption-attachment-15791\" class=\"wp-caption-text\">Equipe da UAB Polo de Valen\u00e7a<\/figcaption><\/figure>\n<p>A Universidade Estadual do Piau\u00ed, por meio do N\u00facleo de Educa\u00e7\u00e3o \u00e0 Dist\u00e2ncia abriram inscri\u00e7\u00f5es para o processo seletivo de P\u00f3s-Gradua\u00e7\u00e3o &#8220;Lato-Sensu&#8221; em Gest\u00e3o P\u00fablica em n\u00edvel de especializa\u00e7\u00e3o. Ser\u00e3o ofertadas para o P\u00f3lo de Valen\u00e7a 100 vagas em Gest\u00e3o P\u00fablica.\u00a0Para concorrer as vagas, os candidatos devem possuir gradua\u00e7\u00e3o em qualquer \u00e1rea, preencher ficha de inscri\u00e7\u00e3o on line, apresentar curriculum vitae comprovado, dentre outros requisitos.<\/p>\n<p>As inscri\u00e7\u00f5es v\u00e3o at\u00e9 o dia 01 de julho de 2013 e s\u00e3o gratuitas. Dentro do mesmo programa, est\u00e3o sendo ofertadas vagas para professor tutor, tendo como requisitos ser graduado em Administra\u00e7\u00e3o e especializa\u00e7\u00e3o na \u00e1rea de gest\u00e3o. Mais informa\u00e7\u00f5es sobre o processo seletivo no site:\u00a0<a href=\"http:\/\/siteead.uespi.br\/selecoes\" target=\"_blank\">http:\/\/siteead.uespi.br\/selecoes<\/a>\u00a0ou na Coordena\u00e7\u00e3o do P\u00f3lo UAB em Valen\u00e7a pelo telefone 3465-2017.<\/p>\n","protected":false},"excerpt":{"rendered":"<p>A Universidade Estadual do Piau\u00ed, por meio do N\u00facleo de Educa\u00e7\u00e3o \u00e0 Dist\u00e2ncia abriram inscri\u00e7\u00f5es para o processo seletivo de P\u00f3s-Gradua\u00e7\u00e3o &#8220;Lato-Sensu&#8221; em Gest\u00e3o P\u00fablica em n\u00edvel de especializa\u00e7\u00e3o. Ser\u00e3o&#8230;<\/p>\n","protected":false},"author":1,"featured_media":0,"comment_status":"open","ping_status":"open","sticky":false,"template":"","format":"standard","meta":{"ngg_post_thumbnail":0,"footnotes":""},"categories":[1055],"tags":[],"class_list":["post-15986","post","type-post","status-publish","format-standard","hentry","category-concurso-e-emprego"],"views":1694,"meta_data":{"thumb":"https:\/\/portalv1.com.br\/app\/wp-content\/uploads\/2013\/05\/uab.jpg","data":{"simple":"14\/06\/2013","date_time":"14\/06\/2013 07:13:19","date":"h\u00e1 13 anos"},"chapeu":"Oportunidades","source":"m_destacada"},"_links":{"self":[{"href":"https:\/\/portalv1.com.br\/api\/wp\/v2\/posts\/15986","targetHints":{"allow":["GET"]}}],"collection":[{"href":"https:\/\/portalv1.com.br\/api\/wp\/v2\/posts"}],"about":[{"href":"https:\/\/portalv1.com.br\/api\/wp\/v2\/types\/post"}],"author":[{"embeddable":true,"href":"https:\/\/portalv1.com.br\/api\/wp\/v2\/users\/1"}],"replies":[{"embeddable":true,"href":"https:\/\/portalv1.com.br\/api\/wp\/v2\/comments?post=15986"}],"version-history":[{"count":0,"href":"https:\/\/portalv1.com.br\/api\/wp\/v2\/posts\/15986\/revisions"}],"wp:attachment":[{"href":"https:\/\/portalv1.com.br\/api\/wp\/v2\/media?parent=15986"}],"wp:term":[{"taxonomy":"category","embeddable":true,"href":"https:\/\/portalv1.com.br\/api\/wp\/v2\/categories?post=15986"},{"taxonomy":"post_tag","embeddable":true,"href":"https:\/\/portalv1.com.br\/api\/wp\/v2\/tags?post=15986"}],"curies":[{"name":"wp","href":"https:\/\/api.w.org\/{rel}","templated":true}]}}