{"id":16007,"date":"2013-06-18T10:26:18","date_gmt":"2013-06-18T13:26:18","guid":{"rendered":"https:\/\/portalv1.com.br\/?p=16007"},"modified":"2013-06-24T11:21:11","modified_gmt":"2013-06-24T14:21:11","slug":"dia-de-06-de-julho-tem-ii-toca-raul-reserve-sua-camiseta","status":"publish","type":"post","link":"https:\/\/portalv1.com.br\/dia-de-06-de-julho-tem-ii-toca-raul-reserve-sua-camiseta\/","title":{"rendered":"Dia de 06 de julho tem II Toca Raul. Reserve sua camiseta"},"content":{"rendered":"<figure id=\"attachment_16008\" aria-describedby=\"caption-attachment-16008\" style=\"width: 300px\" class=\"wp-caption alignright\"><a href=\"https:\/\/portalv1.com.br\/app\/wp-content\/uploads\/2013\/06\/raulseixas.jpg\"><img loading=\"lazy\" decoding=\"async\" class=\"size-full wp-image-16008\" alt=\"II Toca Raul dia 06\/07\" src=\"https:\/\/portalv1.com.br\/app\/wp-content\/uploads\/2013\/06\/raulseixas.jpg\" width=\"300\" height=\"225\" \/><\/a><figcaption id=\"caption-attachment-16008\" class=\"wp-caption-text\">II Toca Raul dia 06\/07<\/figcaption><\/figure>\n<p>Os f\u00e2s do grande Raul Seixas est\u00e3o contando os dias para mais um tributo ao maluco beleza. Dia 06 de julho, na Picanharia O Gil no Novo Horizonte haver\u00e1 uma festa com exibi\u00e7\u00e3o de filmes, reportagens, clips, exposi\u00e7\u00f5es e m\u00fasica ao vivo com Wilton Cezar, Dod\u00f4, Domingos e a banda Los Desgarrados de Timon-MA. A entrada ser\u00e1 uma camiseta personalizada que custa R$ 20 reais e que precisa ser reservada com certa anteced\u00eancia na Trans Art Serigrafia com Rog\u00e9rio Oliveira, presidente do F\u00e2 Clube Gita. Contatos 89 9904-1100 ou 89 9414-6162.<\/p>\n<p>Email <a href=\"mailto:tocaraulvalenca@gmail.com\">tocaraulvalenca@gmail.com<\/a><\/p>\n","protected":false},"excerpt":{"rendered":"<p>Os f\u00e2s do grande Raul Seixas est\u00e3o contando os dias para mais um tributo ao maluco beleza. Dia 06 de julho, na Picanharia O Gil no Novo Horizonte haver\u00e1 uma&#8230;<\/p>\n","protected":false},"author":1,"featured_media":0,"comment_status":"open","ping_status":"open","sticky":false,"template":"","format":"standard","meta":{"ngg_post_thumbnail":0,"footnotes":""},"categories":[243,12],"tags":[],"class_list":["post-16007","post","type-post","status-publish","format-standard","hentry","category-geral","category-valenca-news"],"views":482,"meta_data":{"thumb":"https:\/\/portalv1.com.br\/app\/wp-content\/uploads\/2013\/06\/raulseixas.jpg","data":{"simple":"18\/06\/2013","date_time":"18\/06\/2013 07:26:18","date":"h\u00e1 13 anos"},"chapeu":"Maluco Beleza","source":"retirar"},"_links":{"self":[{"href":"https:\/\/portalv1.com.br\/api\/wp\/v2\/posts\/16007","targetHints":{"allow":["GET"]}}],"collection":[{"href":"https:\/\/portalv1.com.br\/api\/wp\/v2\/posts"}],"about":[{"href":"https:\/\/portalv1.com.br\/api\/wp\/v2\/types\/post"}],"author":[{"embeddable":true,"href":"https:\/\/portalv1.com.br\/api\/wp\/v2\/users\/1"}],"replies":[{"embeddable":true,"href":"https:\/\/portalv1.com.br\/api\/wp\/v2\/comments?post=16007"}],"version-history":[{"count":0,"href":"https:\/\/portalv1.com.br\/api\/wp\/v2\/posts\/16007\/revisions"}],"wp:attachment":[{"href":"https:\/\/portalv1.com.br\/api\/wp\/v2\/media?parent=16007"}],"wp:term":[{"taxonomy":"category","embeddable":true,"href":"https:\/\/portalv1.com.br\/api\/wp\/v2\/categories?post=16007"},{"taxonomy":"post_tag","embeddable":true,"href":"https:\/\/portalv1.com.br\/api\/wp\/v2\/tags?post=16007"}],"curies":[{"name":"wp","href":"https:\/\/api.w.org\/{rel}","templated":true}]}}